{"id":1170,"date":"2023-07-10T16:00:39","date_gmt":"2023-07-10T16:00:39","guid":{"rendered":"https:\/\/infogandia.es\/?p=1170"},"modified":"2023-07-10T16:00:39","modified_gmt":"2023-07-10T16:00:39","slug":"el-grau-celebra-amb-exit-el-primer-cap-de-setmana-de-les-seues-festes","status":"publish","type":"post","link":"https:\/\/infogandia.es\/index.php\/2023\/07\/10\/el-grau-celebra-amb-exit-el-primer-cap-de-setmana-de-les-seues-festes\/","title":{"rendered":"El Grau celebra amb \u00e8xit el primer cap de setmana de les seues festes"},"content":{"rendered":"\n<p>El Grau de Gandia ha celebrat aquest cap de setmana la primera part de les seues festes patronals, que s&#8217;estenen del 7 al 16 de juliol amb un gran ventall d&#8217;actes. Les activitats que s&#8217;han fet els dies 7, 8 i 9 han sigut m\u00e9s populars i les de la pr\u00f2xima setmana tindran un car\u00e0cter m\u00e9s mariner.<br><br>El dissabte 8 va tindre lloc la festa de les &#8216;Quintaes&#8217; amb la tradicional despert\u00e0 i a la vesprada la concentraci\u00f3, el passacarrer i el sopar mentre que el diumenge 9 es va celebrar la VII Matinal Motera Solid\u00e0ria organitzada per Alma de Acero i finalment, per tancar la jornada, el XII Festival Internacional d&#8217;Havaneres Port de Gandia.<\/p>\n\n\n\n<p><br><\/p>\n\n\n\n<figure class=\"wp-block-image size-large\"><img fetchpriority=\"high\" decoding=\"async\" width=\"1024\" height=\"714\" src=\"https:\/\/infogandia.es\/wp-content\/uploads\/2023\/07\/AO_8277-copia-1024x714.jpg\" alt=\"\" class=\"wp-image-1172\" srcset=\"https:\/\/infogandia.es\/wp-content\/uploads\/2023\/07\/AO_8277-copia-1024x714.jpg 1024w, https:\/\/infogandia.es\/wp-content\/uploads\/2023\/07\/AO_8277-copia-300x209.jpg 300w, https:\/\/infogandia.es\/wp-content\/uploads\/2023\/07\/AO_8277-copia-768x535.jpg 768w, https:\/\/infogandia.es\/wp-content\/uploads\/2023\/07\/AO_8277-copia-1536x1071.jpg 1536w, https:\/\/infogandia.es\/wp-content\/uploads\/2023\/07\/AO_8277-copia.jpg 1772w\" sizes=\"(max-width: 1024px) 100vw, 1024px\" \/><\/figure>\n","protected":false},"excerpt":{"rendered":"<p>El Grau de Gandia ha celebrat aquest cap de setmana la primera part de les seues festes patronals, que s&#8217;estenen del 7 al 16 de juliol amb un gran ventall d&#8217;actes. Les activitats que s&#8217;han fet els dies 7, 8 i 9 han sigut m\u00e9s populars i les de la pr\u00f2xima setmana tindran un car\u00e0cter m\u00e9s mariner.<\/p>\n","protected":false},"author":1,"featured_media":1171,"comment_status":"open","ping_status":"open","sticky":false,"template":"","format":"standard","meta":{"footnotes":""},"categories":[1],"tags":[],"class_list":["post-1170","post","type-post","status-publish","format-standard","has-post-thumbnail","hentry","category-actualidad"],"_links":{"self":[{"href":"https:\/\/infogandia.es\/index.php\/wp-json\/wp\/v2\/posts\/1170","targetHints":{"allow":["GET"]}}],"collection":[{"href":"https:\/\/infogandia.es\/index.php\/wp-json\/wp\/v2\/posts"}],"about":[{"href":"https:\/\/infogandia.es\/index.php\/wp-json\/wp\/v2\/types\/post"}],"author":[{"embeddable":true,"href":"https:\/\/infogandia.es\/index.php\/wp-json\/wp\/v2\/users\/1"}],"replies":[{"embeddable":true,"href":"https:\/\/infogandia.es\/index.php\/wp-json\/wp\/v2\/comments?post=1170"}],"version-history":[{"count":1,"href":"https:\/\/infogandia.es\/index.php\/wp-json\/wp\/v2\/posts\/1170\/revisions"}],"predecessor-version":[{"id":1173,"href":"https:\/\/infogandia.es\/index.php\/wp-json\/wp\/v2\/posts\/1170\/revisions\/1173"}],"wp:featuredmedia":[{"embeddable":true,"href":"https:\/\/infogandia.es\/index.php\/wp-json\/wp\/v2\/media\/1171"}],"wp:attachment":[{"href":"https:\/\/infogandia.es\/index.php\/wp-json\/wp\/v2\/media?parent=1170"}],"wp:term":[{"taxonomy":"category","embeddable":true,"href":"https:\/\/infogandia.es\/index.php\/wp-json\/wp\/v2\/categories?post=1170"},{"taxonomy":"post_tag","embeddable":true,"href":"https:\/\/infogandia.es\/index.php\/wp-json\/wp\/v2\/tags?post=1170"}],"curies":[{"name":"wp","href":"https:\/\/api.w.org\/{rel}","templated":true}]}}