{"id":1180,"date":"2023-07-13T11:05:37","date_gmt":"2023-07-13T11:05:37","guid":{"rendered":"https:\/\/infogandia.es\/?p=1180"},"modified":"2023-07-13T11:05:37","modified_gmt":"2023-07-13T11:05:37","slug":"el-projecte-de-67-habitatges-assequibles-a-santa-anna-avanca-per-ser-una-realitat-el-2026","status":"publish","type":"post","link":"https:\/\/infogandia.es\/index.php\/2023\/07\/13\/el-projecte-de-67-habitatges-assequibles-a-santa-anna-avanca-per-ser-una-realitat-el-2026\/","title":{"rendered":"El projecte de 67 habitatges assequibles a Santa Anna avan\u00e7a per ser una realitat el 2026"},"content":{"rendered":"\n<blockquote class=\"wp-block-quote is-layout-flow wp-block-quote-is-layout-flow\">\n<blockquote class=\"wp-block-quote is-layout-flow wp-block-quote-is-layout-flow\">\n<p>L&#8217;alcalde de Gandia, <strong>Jos\u00e9 Manuel Prieto<\/strong> ha comparegut aquest mat\u00ed en roda de premsa acompanyat pel regidor delegat d&#8217;Habitatge, <strong>Vicent Mascarell<\/strong>, per informar que la llic\u00e8ncia d&#8217;obra per a la construcci\u00f3 de 67 habitatges en r\u00e8gim de lloguer assequible, al districte de Santa Anna, ja ha estat atorgada a l&#8217;Entitat Valenciana d&#8217;Habitatge i S\u00f2l (EVHA) que ser\u00e0 l&#8217;encarregada de desenvolupar el projecte &#8216;Rubik&#8217;. Un projecte que el febrer del 2019 va guanyar el concurs d&#8217;idees organitzat per l&#8217;Ajuntament de Gandia i la Conselleria d&#8217;Habitatge i Arquitectura Bioclim\u00e0tica, a trav\u00e9s de la pr\u00f2pia EVHA.<br><br>L&#8217;alcalde ha recordat que el projecte Rubik, va ser presentat per la UTE Ignacio Senra Fern\u00e1ndez-Miranda \/ Ignacio Murad Sangiorgi i t\u00e9 com a objectiu la construcci\u00f3 d&#8217;un nou edifici destinat a lloguer assequible que estar\u00e0 situat a la cru\u00eflla dels carrers Montd\u00faver 60 i Gabriel Mir\u00f3, davant del Palau de Just\u00edcia que aviat obrir\u00e0 les portes. La parcel\u00b7la t\u00e9 una superf\u00edcie de 1.932 m\u00b2 amb una edificabilitat aproximada de 7.000 metres quadrats. El projecte de construcci\u00f3 t\u00e9 un pressupost de 9.635.000\u202f\u20ac (IVA incl\u00f2s).<br><\/p>\n\n\n\n<figure class=\"wp-block-image size-large\"><img fetchpriority=\"high\" decoding=\"async\" width=\"1024\" height=\"714\" src=\"https:\/\/infogandia.es\/wp-content\/uploads\/2023\/07\/AO_9658-copia-1024x714.jpg\" alt=\"\" class=\"wp-image-1183\" srcset=\"https:\/\/infogandia.es\/wp-content\/uploads\/2023\/07\/AO_9658-copia-1024x714.jpg 1024w, https:\/\/infogandia.es\/wp-content\/uploads\/2023\/07\/AO_9658-copia-300x209.jpg 300w, https:\/\/infogandia.es\/wp-content\/uploads\/2023\/07\/AO_9658-copia-768x535.jpg 768w, https:\/\/infogandia.es\/wp-content\/uploads\/2023\/07\/AO_9658-copia-1536x1071.jpg 1536w, https:\/\/infogandia.es\/wp-content\/uploads\/2023\/07\/AO_9658-copia.jpg 1772w\" sizes=\"(max-width: 1024px) 100vw, 1024px\" \/><\/figure>\n\n\n\n<p><br>Aquesta iniciativa s&#8217;emmarca en el Pla 2400 d&#8217;Habitatge Protegit P\u00fablic 2021-2026, impulsat per la Vicepresid\u00e8ncia Segona i la Conselleria d&#8217;Habitatge i Arquitectura Bioclim\u00e0tica, amb l&#8217;objectiu d&#8217;ajudar a garantir el dret a l&#8217;habitatge digne i reactivar el parc p\u00fablic destinat al lloguer, cosa que tamb\u00e9 contribuir\u00e0 a generar ocupaci\u00f3 alhora que es dinamitzar\u00e0 un sector de la ciutat com el compr\u00e9s a la zona pla\u00e7a El\u00b7l\u00edptica-Santa Anna alhora que es desenvolupa un nou model en mat\u00e8ria habitacional basat en par\u00e0metres d&#8217;innovaci\u00f3 i de sostenibilitat.<br><br>Durant la compareixen\u00e7a s&#8217;ha explicat que els detalls de l&#8217;edifici romanen tal com es van comunicar l&#8217;any passat. Per tant, la fa\u00e7ana est\u00e0 concebuda en forma de zig-zag per permetre que tots els habitatges disposen d&#8217;una terrassa, mentre que a l&#8217;interior s&#8217;ha creat un ampli espai obert per convertir el pati en el centre de vida i activitat de l&#8217;edifici.<br><br>Es tracta d&#8217;un pioner edifici, ja que des del proc\u00e9s de construcci\u00f3 (m\u00f2duls prefabricats i adaptats a les noves exig\u00e8ncies) s&#8217;ha pensat en la minimitzaci\u00f3 de la petjada de carboni. Tot a l&#8217;edifici est\u00e0 pesant per contaminar i generar menys impacte al medi ambient alhora que s&#8217;aprofiten energies com la solar i la t\u00e8rmica per produir energia que abaste les zones comunes i habitatges. Reduint aix\u00ed l&#8217;empremta de carboni.<br><br>Altres caracter\u00edstiques que s&#8217;han recordat durant la compareixen\u00e7a \u00e9s que els habitatges projectats compleixen les condicions d&#8217;accessibilitat per a persones amb diversitat funcional o mobilitat redu\u00efda i que s&#8217;ha garantit l&#8217;accessibilitat a qualsevol zona de l&#8217;edifici.<br><br>&#8220;Es tracta d&#8217;un projecte que demostra el seu comprom\u00eds amb la inclusi\u00f3 i l&#8217;equitat fent que tots els habitatges complisquen les condicions d&#8217;adaptables, no diferenciant entre habitatge adaptat i no adaptat. \u00c9s a dir, no esperem que hi haja una necessitat sin\u00f3 que la satisfem per endavant&#8221; ha declarat l&#8217;alcalde qui tamb\u00e9 ha posat en valor la sostenibilitat de l&#8217;edifici, ja que entre altres mesures, es preveu la instal\u00b7laci\u00f3 de panells fotovoltaics i t\u00e8rmics per satisfer les necessitats energ\u00e8tiques i t\u00e8rmiques de l&#8217;edifici o l&#8217;aprofitament de l&#8217;aigua de pluja mitjan\u00e7ant un aljub situat sobre la zona d&#8217;estacionament. A totes aquestes mesures, se sumen la forma de l&#8217;edifici, la disposici\u00f3 nord-sud, l&#8217;escassa altura (3 plantes) i un gran pati interior per afavorir la reducci\u00f3 d&#8217;empremta de carboni de tots els habitatges.<br><br>&#8220;L&#8217;Ajuntament ja ha fet els deures amb un expedient que ve a cavall entre dues legislatures. Ja hem anticipat que l&#8217;habitatge ser\u00e0 una prioritat i tenim diverses vies per millorar el parc p\u00fablic&#8221; ha explicat l&#8217;alcalde.<br><br>Finalment, Mascarell ha informat que s&#8217;espera que les obres s&#8217;inicien al primer semestre del 2024 (una vegada que l&#8217;EVHA haja licitat el concurs per a la construcci\u00f3 de l&#8217;edifici i en funci\u00f3 de la quantitat d&#8217;empreses que es presenten) i, segons indica la Conselleria, que estiguen finalitzades en dos anys aproximadament, \u00e9s a dir, durant el primer semestre<\/p>\n\n\n\n<figure class=\"wp-block-image size-full\"><img decoding=\"async\" width=\"596\" height=\"818\" src=\"https:\/\/infogandia.es\/wp-content\/uploads\/2023\/07\/Rubick-2.png\" alt=\"\" class=\"wp-image-1182\" srcset=\"https:\/\/infogandia.es\/wp-content\/uploads\/2023\/07\/Rubick-2.png 596w, https:\/\/infogandia.es\/wp-content\/uploads\/2023\/07\/Rubick-2-219x300.png 219w\" sizes=\"(max-width: 596px) 100vw, 596px\" \/><\/figure>\n<\/blockquote>\n<\/blockquote>\n","protected":false},"excerpt":{"rendered":"<p>El projecte de 67 habitatges assequibles a Santa Anna avan\u00e7a per ser una realitat el 2026<\/p>\n","protected":false},"author":1,"featured_media":1181,"comment_status":"open","ping_status":"open","sticky":false,"template":"","format":"standard","meta":{"footnotes":""},"categories":[1],"tags":[37,30,34,38,40,39,36,35],"class_list":["post-1180","post","type-post","status-publish","format-standard","has-post-thumbnail","hentry","category-actualidad","tag-37","tag-gandia","tag-habitage-accesible","tag-obras","tag-pierto","tag-proyecto","tag-santa-ana","tag-santa-anna"],"_links":{"self":[{"href":"https:\/\/infogandia.es\/index.php\/wp-json\/wp\/v2\/posts\/1180","targetHints":{"allow":["GET"]}}],"collection":[{"href":"https:\/\/infogandia.es\/index.php\/wp-json\/wp\/v2\/posts"}],"about":[{"href":"https:\/\/infogandia.es\/index.php\/wp-json\/wp\/v2\/types\/post"}],"author":[{"embeddable":true,"href":"https:\/\/infogandia.es\/index.php\/wp-json\/wp\/v2\/users\/1"}],"replies":[{"embeddable":true,"href":"https:\/\/infogandia.es\/index.php\/wp-json\/wp\/v2\/comments?post=1180"}],"version-history":[{"count":1,"href":"https:\/\/infogandia.es\/index.php\/wp-json\/wp\/v2\/posts\/1180\/revisions"}],"predecessor-version":[{"id":1184,"href":"https:\/\/infogandia.es\/index.php\/wp-json\/wp\/v2\/posts\/1180\/revisions\/1184"}],"wp:featuredmedia":[{"embeddable":true,"href":"https:\/\/infogandia.es\/index.php\/wp-json\/wp\/v2\/media\/1181"}],"wp:attachment":[{"href":"https:\/\/infogandia.es\/index.php\/wp-json\/wp\/v2\/media?parent=1180"}],"wp:term":[{"taxonomy":"category","embeddable":true,"href":"https:\/\/infogandia.es\/index.php\/wp-json\/wp\/v2\/categories?post=1180"},{"taxonomy":"post_tag","embeddable":true,"href":"https:\/\/infogandia.es\/index.php\/wp-json\/wp\/v2\/tags?post=1180"}],"curies":[{"name":"wp","href":"https:\/\/api.w.org\/{rel}","templated":true}]}}