{"id":1213,"date":"2023-07-18T11:29:00","date_gmt":"2023-07-18T11:29:00","guid":{"rendered":"https:\/\/infogandia.es\/?p=1213"},"modified":"2023-07-18T11:29:00","modified_gmt":"2023-07-18T11:29:00","slug":"el-govern-respon-sobre-lestacionament-platja","status":"publish","type":"post","link":"https:\/\/infogandia.es\/index.php\/2023\/07\/18\/el-govern-respon-sobre-lestacionament-platja\/","title":{"rendered":"El govern respon sobre l&#8217;estacionament platja"},"content":{"rendered":"\n<p>El president de la Junta de Districte del Grau i la platja, Miguel \u00c1ngel Picornell ha valorat hui les cr\u00edtiques del PP a la zona morada de la platja.<\/p>\n\n\n\n<p>&#8220;No hi ha m\u00e9s cec que el que no vol veure. \u00c9s igual el que diguem des del govern que ells segueixen en les seues tretze. Demostren un profund desconeixement del turisme i dels municipis de refer\u00e8ncia (Castelldefels, Las Palmas de Gran Can\u00e0ria, Benidorm, Cullera, Cadis) on bona part de l&#8217;estacionament \u00e9s de pagament&#8221; ha explicat Picornell.<\/p>\n\n\n\n<p>Parlen de p\u00e0rquing buit i no hi ha cap prova m\u00e9s bona que les fotos d&#8217;aquest cap de setmana on es veu la zona completament ocupada.<\/p>\n\n\n\n<p>L&#8217;edil ha continuat afirmant que &#8220;continuen sense voler entendre que comerciants i hostalers demanen aquesta zona i que ha estat beneficiosa a les zones on s&#8217;ha aplicat, ja que en haver m\u00e9s rotaci\u00f3 els negocis funcionen millor&#8221;.<\/p>\n\n\n\n<p>Per acabar, Picornell ha recordat que l&#8217;estiu passat ja es va obrir un p\u00e0rquing al final de la platja amb m\u00e9s de 400 places i que la zona d&#8217;equipaments ha suposat la posada a disposici\u00f3 de ve\u00efns i turistes de m\u00e9s de 800 places noves&#8221;.<\/p>\n","protected":false},"excerpt":{"rendered":"<p>El govern respon sobre l&#8217;estacionament platja<\/p>\n","protected":false},"author":1,"featured_media":1214,"comment_status":"open","ping_status":"open","sticky":false,"template":"","format":"standard","meta":{"footnotes":""},"categories":[1,3],"tags":[43,50,48,47,30,49],"class_list":["post-1213","post","type-post","status-publish","format-standard","has-post-thumbnail","hentry","category-actualidad","category-politica","tag-43","tag-aparcamiento","tag-estacion","tag-estacionamiento","tag-gandia","tag-playa"],"_links":{"self":[{"href":"https:\/\/infogandia.es\/index.php\/wp-json\/wp\/v2\/posts\/1213","targetHints":{"allow":["GET"]}}],"collection":[{"href":"https:\/\/infogandia.es\/index.php\/wp-json\/wp\/v2\/posts"}],"about":[{"href":"https:\/\/infogandia.es\/index.php\/wp-json\/wp\/v2\/types\/post"}],"author":[{"embeddable":true,"href":"https:\/\/infogandia.es\/index.php\/wp-json\/wp\/v2\/users\/1"}],"replies":[{"embeddable":true,"href":"https:\/\/infogandia.es\/index.php\/wp-json\/wp\/v2\/comments?post=1213"}],"version-history":[{"count":1,"href":"https:\/\/infogandia.es\/index.php\/wp-json\/wp\/v2\/posts\/1213\/revisions"}],"predecessor-version":[{"id":1215,"href":"https:\/\/infogandia.es\/index.php\/wp-json\/wp\/v2\/posts\/1213\/revisions\/1215"}],"wp:featuredmedia":[{"embeddable":true,"href":"https:\/\/infogandia.es\/index.php\/wp-json\/wp\/v2\/media\/1214"}],"wp:attachment":[{"href":"https:\/\/infogandia.es\/index.php\/wp-json\/wp\/v2\/media?parent=1213"}],"wp:term":[{"taxonomy":"category","embeddable":true,"href":"https:\/\/infogandia.es\/index.php\/wp-json\/wp\/v2\/categories?post=1213"},{"taxonomy":"post_tag","embeddable":true,"href":"https:\/\/infogandia.es\/index.php\/wp-json\/wp\/v2\/tags?post=1213"}],"curies":[{"name":"wp","href":"https:\/\/api.w.org\/{rel}","templated":true}]}}