{"id":1216,"date":"2023-07-20T08:47:01","date_gmt":"2023-07-20T08:47:01","guid":{"rendered":"https:\/\/infogandia.es\/?p=1216"},"modified":"2023-07-20T08:47:01","modified_gmt":"2023-07-20T08:47:01","slug":"iii-campus-musical-vicky-foods-sembrant-cultura-i-futur-a-traves-de-la-musica","status":"publish","type":"post","link":"https:\/\/infogandia.es\/index.php\/2023\/07\/20\/iii-campus-musical-vicky-foods-sembrant-cultura-i-futur-a-traves-de-la-musica\/","title":{"rendered":"III Campus Musical Vicky Foods, sembrant cultura i futur a trav\u00e9s de la m\u00fasica"},"content":{"rendered":"\n<p>Aquest estiu, durant l&#8217;\u00faltima setmana de juliol (concretament, des del dia 24 fins al 28 d&#8217;eixe mes), tindr\u00e0 lloc a la comarca de la Safor, a la ciutat de Gandia, el III Campus Musical Vicky Foods, una excel\u00b7lent iniciativa que ha comen\u00e7at a caminar i amb la qual es pret\u00e9n enaltir valors com la cultura de l&#8217;esfor\u00e7, la vida saludable o la sostenibilitat.<br><br>En aquest sentit, el pasat dimarts 18 de juliol es va dur a terme la presentaci\u00f3 del Concert de Cloenda d&#8217;aquesta tercera edici\u00f3 a l&#8217;Ajuntament de Gandia. Durant l&#8217;acte de presentaci\u00f3, el CEO de l&#8217;empresa Vicky Foods, <strong>Rafa Juan<\/strong> va destacar que &#8220;<em>la m\u00fasica \u00e9s part intr\u00ednseca de les nostres vides i, en la nostra Comunitat, la sentim de manera especial. \u00c9s per aix\u00f2 que, amb la nostra Fundaci\u00f3 Vicky Foods, hem decidit impulsar per tercera vegada el Campus Musical Vicky Foods, un projecte orientat a joves m\u00fasics que comen\u00e7a en temps durs i dif\u00edcils, per\u00f2 que, amb la il\u00b7lusi\u00f3 i l&#8217;esfor\u00e7 de tots els que participen, estem conven\u00e7uts que es consolidar\u00e0 en el futur<\/em>&#8220;.<br><br>Per la seua banda, el director d&#8217;aquest III Campus Musical, <strong>Vicent Mengual<\/strong>, va agrair p\u00fablicament el suport incondicional de la Fundaci\u00f3 Vicky Foods -una fundaci\u00f3 amant de la m\u00fasica, la qual tamb\u00e9 \u00e9s patrocinadora del Palau de les Arts Reina Sof\u00eda, a Val\u00e8ncia- &#8220;<em>\u00c9s tot un plaer que un grup tan important com Vicky Foods aposte per la cultura, per la dinamitzaci\u00f3 cultural de la societat i pels joves talents<\/em>&#8220;, va indicar Mengual.<br><br>Per part de l&#8217;Ajuntament de Gandia, l&#8217;alcalde de la ciutat <strong>Jos\u00e9 Manuel Prieto<\/strong>, ha donat la benvinguda al Campus Musical Vicky Foods. \u201c<em>\u00c9s una iniciativa que enriqueix tota l&#8217;oferta cultural que presentem a l&#8217;estiu, al temps que suposa formaci\u00f3 per als nostres joves i dinamitzaci\u00f3 de l&#8217;entorn. Hem d&#8217;agrair-ne la implicaci\u00f3 i que hagen apostat per aquesta ciutat<\/em>\u201d.<br><br>D&#8217;aquesta manera, el III Campus Musical Vicky Foods es converteix en tot un referent en l&#8217;\u00e0mbit musical del territori valenci\u00e0 que fomenta la posada de coneixements en com\u00fa, la millora individual a escala t\u00e8cnica, l&#8217;esfor\u00e7 o l&#8217;entrega m\u00e0xima a l&#8217;esperit art\u00edstic i creatiu dels alumnes.<br>&#8220;<em>Vivim a una societat on valors tan importants com el respecte a l&#8217;entorn, l&#8217;arrelament al territori o el coneixement de les nostres tradicions est\u00e0 devaluant-se<\/em>&#8220;, ha posat de manifest Vicent Mengual.<br><br>Per tal motiu, amb aquest campus es pret\u00e9n que, tots aquests valors, units amb l&#8217;experi\u00e8ncia de con\u00e9ixer gent nova i tot all\u00f2 que envolta a la disciplina musical (foment de l&#8217;activitat art\u00edstica, consci\u00e8ncia del treball en equip, recerca de l&#8217;excel\u00b7l\u00e8ncia professional i personal, vida activa, millora de la salut f\u00edsica i mental, esperit de sacrifici, descobriment de l&#8217;entorn natural, etc.) lideren les noves generacions del futur.<br><br>A m\u00e9s, l&#8217;esperit solidari tamb\u00e9 est\u00e0 present al III Campus Musical Vicky Foods, ja que el cent per cent de la quota d&#8217;inscripci\u00f3 -40 euros per persona- ser\u00e0 donada de forma \u00edntegra a la Fundaci\u00f3 Iker Casillas. &#8220;<em>Amb aquesta mesura fomentem l&#8217;esperit solidari i posem de manifest la necessitat de crear un m\u00f3n m\u00e9s equitatiu, ajudant les persones que m\u00e9s ho necessiten<\/em>&#8220;, ha recalcat el director d&#8217;aquest Campus Musical.<br><br>La Fundaci\u00f3 Iker Casillas treballa per a millorar les condicions de vida dels grups m\u00e9s desafavorits del nostre pa\u00eds mitjan\u00e7ant la creaci\u00f3 de programes d&#8217;educaci\u00f3 i desenvolupament emprant l&#8217;esport com a eina indispensable per a aquesta.v Alhora lluita contra el despoblament rural del nostre territori creant campus esportius per a joves en zones d&#8217;alt risc de despoblament.<br><br>El III Campus Musical Vicky Foods, que tamb\u00e9 compta amb el suport de l&#8217;Ajuntament de Gandia, la Uni\u00f3 Art\u00edstico Musical Sant Francesc de Borja de Gandia, la Societat Musical de Benirredr\u00e0 i les empreses Teika i Pavasal, est\u00e0 destinat a tots aquells m\u00fasics que estiguen cursant actualment ensenyaments professionals de m\u00fasica o que tinguen la prova d&#8217;acc\u00e9s a ensenyaments professionals aprovada.<br><br>Les inscripcions finalitzaren el passat mes de maig i en aquesta edici\u00f3 s&#8217;han batut tots els r\u00e8cords amb m\u00e9s de 150 alumnes inscrits.<br><br>Cal destacar que, en finalitzar el III Campus Musical Vicky Foods, es far\u00e0 entrega d&#8217;un diploma acreditatiu d&#8217;assist\u00e8ncia amb un total de vint hores de formaci\u00f3 a totes les persones que hi participen.<br><br>L&#8217;equip pedag\u00f2gic est\u00e0 conformat per un planter de luxe amb m\u00fasics de reconegut prestigi com: \u00c0lex Puchades (orquestra) i Vicent Mengual (banda) en la part d&#8217;agrupacions; \u00c0lex Puchades, \u00c0ngela Traver i Cristina Bernal en corda; Andrea Costa, Enrique Sapi\u00f1a, Jorge Clemente, Juan Francisco Torres i Vicent Benavent en vent fusta; o Josep G\u00f3mez Nicolau Morera, Roman Pons, Guillem Agud i Xavi Cabrera en vent, metall i percussi\u00f3<br><br>Les classes i els assajos es portaran a terme a l&#8217;aire lliure pels carrers i places de Gandia en un ambient dist\u00e9s -a excepci\u00f3 de les sessions dels instruments de corda que es realitzaran a l&#8217;Escola de M\u00fasica de Gandia per a optimitzar els recursos- amb la intenci\u00f3 que m\u00fasics de nombroses proced\u00e8ncies socialitzen i intercanvien coneixements i s&#8217;intercanvien entre ells coneixements i sensacions, per als quals suposar\u00e0 un enriquiment cultural impagable.<br><br>Aix\u00ed, el III Campus Musical Vicky Foods suposa el somni complit d&#8217;un equip de m\u00fasics amb vocaci\u00f3. \u00c9s la suma d&#8217;emocions, experi\u00e8ncies, reptes i noves amistats amb les quals compartir les seues passions i, sobretot, el lloc ideal per a il\u00b7lusionar-se, cr\u00e9ixer i ampliar els horitzons com a m\u00fasics.<br>En definitiva, un campus que, a m\u00e9s de la creaci\u00f3 de vincles personals i de tot all\u00f2 que envolta a la disciplina musical -la pr\u00e0ctica conjunta, la const\u00e0ncia en la pr\u00e0ctica di\u00e0ria o la perseveran\u00e7a- \u00e9s una ocasi\u00f3 \u00fanica per a aprendre i millorar de la m\u00e0 dels millors professionals. I, al mateix temps, gaudir de la m\u00fasica en conviv\u00e8ncia, en on ambient i en una magn\u00edfica<\/p>\n","protected":false},"excerpt":{"rendered":"<p>III Campus Musical Vicky Foods, sembrant cultura i futur a trav\u00e9s de la m\u00fasica<\/p>\n","protected":false},"author":1,"featured_media":1217,"comment_status":"open","ping_status":"open","sticky":false,"template":"","format":"standard","meta":{"footnotes":""},"categories":[1,27],"tags":[43,54,30,51,52,53],"class_list":["post-1216","post","type-post","status-publish","format-standard","has-post-thumbnail","hentry","category-actualidad","category-sociedad","tag-43","tag-concierto","tag-gandia","tag-iii-campus-musical-vicky-foods","tag-sembrant-cultura-i-futur-a-traves-de-la-musica","tag-vicky-foods"],"_links":{"self":[{"href":"https:\/\/infogandia.es\/index.php\/wp-json\/wp\/v2\/posts\/1216","targetHints":{"allow":["GET"]}}],"collection":[{"href":"https:\/\/infogandia.es\/index.php\/wp-json\/wp\/v2\/posts"}],"about":[{"href":"https:\/\/infogandia.es\/index.php\/wp-json\/wp\/v2\/types\/post"}],"author":[{"embeddable":true,"href":"https:\/\/infogandia.es\/index.php\/wp-json\/wp\/v2\/users\/1"}],"replies":[{"embeddable":true,"href":"https:\/\/infogandia.es\/index.php\/wp-json\/wp\/v2\/comments?post=1216"}],"version-history":[{"count":1,"href":"https:\/\/infogandia.es\/index.php\/wp-json\/wp\/v2\/posts\/1216\/revisions"}],"predecessor-version":[{"id":1218,"href":"https:\/\/infogandia.es\/index.php\/wp-json\/wp\/v2\/posts\/1216\/revisions\/1218"}],"wp:featuredmedia":[{"embeddable":true,"href":"https:\/\/infogandia.es\/index.php\/wp-json\/wp\/v2\/media\/1217"}],"wp:attachment":[{"href":"https:\/\/infogandia.es\/index.php\/wp-json\/wp\/v2\/media?parent=1216"}],"wp:term":[{"taxonomy":"category","embeddable":true,"href":"https:\/\/infogandia.es\/index.php\/wp-json\/wp\/v2\/categories?post=1216"},{"taxonomy":"post_tag","embeddable":true,"href":"https:\/\/infogandia.es\/index.php\/wp-json\/wp\/v2\/tags?post=1216"}],"curies":[{"name":"wp","href":"https:\/\/api.w.org\/{rel}","templated":true}]}}