{"id":1226,"date":"2023-07-20T08:52:32","date_gmt":"2023-07-20T08:52:32","guid":{"rendered":"https:\/\/infogandia.es\/?p=1226"},"modified":"2023-07-20T08:52:32","modified_gmt":"2023-07-20T08:52:32","slug":"lagencia-aviva-de-promocio-del-valencia-de-gandia-subvenciona-la-subscripcio-a-la-revista-camacuc-de-tots-els-centres-educatius-i-les-biblioteques-infantils-de-gandia","status":"publish","type":"post","link":"https:\/\/infogandia.es\/index.php\/2023\/07\/20\/lagencia-aviva-de-promocio-del-valencia-de-gandia-subvenciona-la-subscripcio-a-la-revista-camacuc-de-tots-els-centres-educatius-i-les-biblioteques-infantils-de-gandia\/","title":{"rendered":"L\u2019Ag\u00e8ncia AVIVA de Promoci\u00f3 del Valenci\u00e0 de Gandia subvenciona la subscripci\u00f3 a la revista Camacuc de tots els centres educatius i les biblioteques infantils de Gandia"},"content":{"rendered":"\n<ul class=\"wp-block-list\">\n<li>Esther Sapena, regidora d\u2019Educaci\u00f3, Pol\u00edtica Ling\u00fc\u00edstica i Inf\u00e0ncia: \u00abEs tracta de l\u2019\u00fanica revista infantil feta i pensada en valenci\u00e0. Abra\u00e7a elements transversals de l\u2019educaci\u00f3 i el foment de valors com la solidaritat, la pau, la salut i el medi ambient. Tamb\u00e9 treballa les relacions interpersonals i el foment de la lectura entre els m\u00e9s menuts. \u00c9s molt divertida, amb humor, passatemps, contes, experiments i, sobretot, c\u00f2mic\u00bb.<\/li>\n<\/ul>\n\n\n\n<ul class=\"wp-block-list\">\n<li><strong>\u00c9s un gest simb\u00f2lic i de rebuig frontal a qualsevol acte de censura, una mostra de suport a una cap\u00e7alera hist\u00f2rica que promou l&#8217;h\u00e0bit lector entre els m\u00e9s joves.&nbsp; \u00abSi qui l&#8217;ha refusada l&#8217;haguera llegida alguna vegada, se n&#8217;hauria adonat\u00bb.<\/strong><\/li>\n<\/ul>\n\n\n\n<p><br><br>La regidoria d\u2019Educaci\u00f3, Pol\u00edtica Ling\u00fc\u00edstica i Inf\u00e0ncia, <strong>Esther Sapena<\/strong>, ha anunciat aquest mat\u00ed la intenci\u00f3 de fer arribar a tots els centres educatius de prim\u00e0ria i infantil de Gandia, p\u00fablics i concertats, la revista infantil <em>Camacuc,<\/em> a trav\u00e9s de l\u2019Ag\u00e8ncia AVIVA de Promoci\u00f3 del Valenci\u00e0 de Gandia, adscrita al seu departament. Tamb\u00e9 al Centre d\u2019Educaci\u00f3 Especial Enric Valor i a les cinc biblioteques infantils.<\/p>\n\n\n\n<p><br>\u00abS\u2019edita des de l\u2019any 1983. Est\u00e0 escrita \u00edntegrament en valenci\u00e0 i feta per valencians i valencianes. Es tracta de l\u2019\u00fanica revista infantil pensada en la nostra llengua, com a resultat del recorregut d\u2019uns quants professionals de l\u2019ensenyament preocupats per l\u2019aprenentatge del valenci\u00e0 i la conservaci\u00f3 de la cultura. Quant al contingut, la revista abra\u00e7a elements transversals de l\u2019educaci\u00f3 i el foment de valors, com la solidaritat, la pau, la salut i el medi ambient. Tamb\u00e9 treballa les relacions interpersonals i el foment de la lectura entre els m\u00e9s menuts\u00bb.<\/p>\n\n\n\n<p>Sapena recorda que, des de fa gaireb\u00e9 40 anys, <em>Camacuc<\/em> ha estat un referent en el comprom\u00eds amb la lectura i la nostra cultura a trav\u00e9s del c\u00f2mic. Un cresol d\u2019autores i de lectores, que ara s\u2019ha vetat a localitats com Borriana, per l\u2019extrema dreta. \u00abPer aix\u00f2 es tracta, tamb\u00e9, d\u2019un gest simb\u00f2lic i de rebuig enfront de qualsevol acte de censura, una mostra de suport a una cap\u00e7alera hist\u00f2rica que promou l&#8217;h\u00e0bit lector entre els m\u00e9s joves. <em>Camacuc,<\/em> la revista valenciana i en valenci\u00e0 per a xiquets i xiquetes, sempre ha sigut una revista d&#8217;entreteniment molt divertida, amb humor, passatemps, contes, experiments i, sobretot, c\u00f2mic. Si qui l&#8217;ha refusada l&#8217;haguera llegida alguna vegada, se n&#8217;hauria adonat\u00bb.<\/p>\n\n\n\n<p>En total es tracta de 24 subscripcions anuals (18 col\u00b7legis i 6 biblioteques infantils), 6 n\u00fameros de la popular revista, que tindr\u00e0 un cost de 600 euros a l\u2019any.<\/p>\n","protected":false},"excerpt":{"rendered":"<p>L\u2019Ag\u00e8ncia AVIVA de Promoci\u00f3 del Valenci\u00e0 de Gandia subvenciona la subscripci\u00f3 a la revista Camacuc de tots els centres educatius i les biblioteques infantils de Gandia<\/p>\n","protected":false},"author":1,"featured_media":1227,"comment_status":"open","ping_status":"open","sticky":false,"template":"","format":"standard","meta":{"footnotes":""},"categories":[1,5,27],"tags":[61,62,63,30],"class_list":["post-1226","post","type-post","status-publish","format-standard","has-post-thumbnail","hentry","category-actualidad","category-educacion","category-sociedad","tag-aviva","tag-bibliotecas-infantiles","tag-bibliotecas-infantiles-gandia","tag-gandia"],"_links":{"self":[{"href":"https:\/\/infogandia.es\/index.php\/wp-json\/wp\/v2\/posts\/1226","targetHints":{"allow":["GET"]}}],"collection":[{"href":"https:\/\/infogandia.es\/index.php\/wp-json\/wp\/v2\/posts"}],"about":[{"href":"https:\/\/infogandia.es\/index.php\/wp-json\/wp\/v2\/types\/post"}],"author":[{"embeddable":true,"href":"https:\/\/infogandia.es\/index.php\/wp-json\/wp\/v2\/users\/1"}],"replies":[{"embeddable":true,"href":"https:\/\/infogandia.es\/index.php\/wp-json\/wp\/v2\/comments?post=1226"}],"version-history":[{"count":1,"href":"https:\/\/infogandia.es\/index.php\/wp-json\/wp\/v2\/posts\/1226\/revisions"}],"predecessor-version":[{"id":1228,"href":"https:\/\/infogandia.es\/index.php\/wp-json\/wp\/v2\/posts\/1226\/revisions\/1228"}],"wp:featuredmedia":[{"embeddable":true,"href":"https:\/\/infogandia.es\/index.php\/wp-json\/wp\/v2\/media\/1227"}],"wp:attachment":[{"href":"https:\/\/infogandia.es\/index.php\/wp-json\/wp\/v2\/media?parent=1226"}],"wp:term":[{"taxonomy":"category","embeddable":true,"href":"https:\/\/infogandia.es\/index.php\/wp-json\/wp\/v2\/categories?post=1226"},{"taxonomy":"post_tag","embeddable":true,"href":"https:\/\/infogandia.es\/index.php\/wp-json\/wp\/v2\/tags?post=1226"}],"curies":[{"name":"wp","href":"https:\/\/api.w.org\/{rel}","templated":true}]}}