{"id":1247,"date":"2023-07-23T08:26:41","date_gmt":"2023-07-23T08:26:41","guid":{"rendered":"https:\/\/infogandia.es\/?p=1247"},"modified":"2023-07-25T08:31:04","modified_gmt":"2023-07-25T08:31:04","slug":"un-cartel-exultante-con-nicky-jam-a-la-cabeza-logra-hacer-bailar-hasta-el-amanecer-a-los-asistentes-a-la-segunda-jornada-de-zevra-festival-2023","status":"publish","type":"post","link":"https:\/\/infogandia.es\/index.php\/2023\/07\/23\/un-cartel-exultante-con-nicky-jam-a-la-cabeza-logra-hacer-bailar-hasta-el-amanecer-a-los-asistentes-a-la-segunda-jornada-de-zevra-festival-2023\/","title":{"rendered":"Un cartel exultante con Nicky Jam a la cabeza logra hacer bailar \u201chasta el amanecer\u201d a los asistentes a la segunda jornada de Zevra Festival 2023"},"content":{"rendered":"\n<p>Una atm\u00f3sfera repleta de entusiasmo y muchas ganas de bailar fueron las piezas que marcaron, ayer, de la segunda jornada Zevra Festival 2023, el mayor encuentro nacional de reguet\u00f3n y m\u00fasica urbana que se celebra desde el pasado viernes en Cullera. A partir de las 17:00h, el recinto del festival comenz\u00f3 a acoger a los 50.000 j\u00f3venes que, llegados desde todos los rincones de Espa\u00f1a y otros pa\u00edses, percib\u00edan una noche memorable dadas las actuaciones programadas de grandes artistas como Nicky Jam, Mar\u00eda Becerra, Lil Cake, Juan Mag\u00e1n, Kaydy Cain o Dani Fern\u00e1ndez.<\/p>\n\n\n\n<p>Aunque las primeras notas que se dejaron escuchar en la segunda jornada del festival proced\u00edan de la animada sesi\u00f3n housera que Juliann James &amp; Mzrin ofrecieron en el \u201cDragon Heart by Pepsi\u201d, escenario \u00fanico que evoca una pagoda japonesa, la expectaci\u00f3n, casi por unanimidad, era el espect\u00e1culo que el <a href=\"https:\/\/es.wikipedia.org\/wiki\/Cantante\">cantante<\/a>, <a href=\"https:\/\/es.wikipedia.org\/wiki\/Rapero\">rapero<\/a>, <a href=\"https:\/\/es.wikipedia.org\/wiki\/Compositor_de_canciones\">compositor<\/a> y <a href=\"https:\/\/es.wikipedia.org\/wiki\/Productor_discogr%C3%A1fico\">productor<\/a> de Massachusetts, Nicky Jam, brindar\u00eda poco antes del anochecer.<\/p>\n\n\n\n<p>A las 21:00h, el escenario \u201cNegrita\u201d vibr\u00f3 con una ovaci\u00f3n imponente al recibir al artista criado en Puerto Rico y gran referente de la m\u00fasica latina. Nicky Jam subi\u00f3 al escenario sin su caracter\u00edstica gorra pero con su habitual \u00edmpetu arrollador, conquistando al p\u00fablico con hits como \u201cEl Perd\u00f3n\u201d, \u201cTravesuras\u201d, \u201cDonde est\u00e1n las gatas\u201d o \u201cX\u201d. Durante toda la actuaci\u00f3n, la multitud no dej\u00f3 de corear y bailar al comp\u00e1s del estadounidense, creando un clima lleno de euforia y celebraci\u00f3n.<\/p>\n\n\n\n<figure class=\"wp-block-image size-large\"><img fetchpriority=\"high\" decoding=\"async\" width=\"1024\" height=\"683\" src=\"https:\/\/infogandia.es\/wp-content\/uploads\/2023\/07\/Publico-segunda-jornada-Zevra-Festival-2023-1024x683.jpg\" alt=\"\" class=\"wp-image-1250\" srcset=\"https:\/\/infogandia.es\/wp-content\/uploads\/2023\/07\/Publico-segunda-jornada-Zevra-Festival-2023-1024x683.jpg 1024w, https:\/\/infogandia.es\/wp-content\/uploads\/2023\/07\/Publico-segunda-jornada-Zevra-Festival-2023-300x200.jpg 300w, https:\/\/infogandia.es\/wp-content\/uploads\/2023\/07\/Publico-segunda-jornada-Zevra-Festival-2023-768x512.jpg 768w, https:\/\/infogandia.es\/wp-content\/uploads\/2023\/07\/Publico-segunda-jornada-Zevra-Festival-2023-1536x1024.jpg 1536w, https:\/\/infogandia.es\/wp-content\/uploads\/2023\/07\/Publico-segunda-jornada-Zevra-Festival-2023-2048x1365.jpg 2048w, https:\/\/infogandia.es\/wp-content\/uploads\/2023\/07\/Publico-segunda-jornada-Zevra-Festival-2023-600x400.jpg 600w\" sizes=\"(max-width: 1024px) 100vw, 1024px\" \/><\/figure>\n\n\n\n<p>Tras el enfervorizado concierto de Nicky Jam, tocaba el turno al arte patrio en el escenario \u201cCutty Sark\u201d. Dani Fernandez, uno de los fen\u00f3menos musicales de los \u00faltimos a\u00f1os, regal\u00f3 un concierto del todo emotivo sin perder un \u00e1pice del estilo fresco que lo caracteriza. Con sus sentidas letras, Dani logr\u00f3 conectar con los asistentes de una manera especial; \u201cDisparos\u201d fue la canci\u00f3n que desat\u00f3 la locura del p\u00fablico, que core\u00f3 desde sus m\u00e1s exitosos sencillos hasta los cortes de su \u00faltimo \u00e1lbum. El momento m\u00e1s especial de su show fue, sin duda, el homenaje que brind\u00f3 a la banda granadina Supersubmarina con la versi\u00f3n de uno de los temas que llev\u00f3 a la popularidad a la banda de indie pop, apartada de los escenarios tras sufrir un accidente de tr\u00e1fico en 2016.<\/p>\n\n\n\n<p>Pasada una hora de la medianoche, Mar\u00eda Becerra tom\u00f3 las riendas del mainstage. La joven artista argentina sedujo a todos los asistentes con su incre\u00edble presencia esc\u00e9nica y su poderosa voz. Con \u00e9xitos como \u201cAnimal\u201d, \u201cHigh\u201d, \u201cFan\u00e1tico, \u201cMi\u00e9nteme\u201d o \u201cDiscoteka\u201d, la cantante, compositora y ex youtuber hizo prender el escenario logrando subir la temperatura ambiente, adelantando la ola de calor prevista para el lunes.<\/p>\n\n\n\n<p>Bien entrada la madrugada, Juan Mag\u00e1n fue quien puso a bailar con su contagioso ritmo y populares tonadas a los reunidos en Zevra Festival. El DJ catal\u00e1n hizo disfrutar al p\u00fablico con su dominio de la mezcla y su cuidadosa selecci\u00f3n de \u00e9xitos. Con conocidos \u00e9xitos como \u201cBailando por ah\u00ed\u201d, \u201cAyer la vi\u201d, \u201cLa inocente\u201d o \u201cRueda\u201d,&nbsp; canci\u00f3n original de Chimbala, artista que tambi\u00e9n actu\u00f3 en esta segunda jornada de Zevra Festival 2023, convirtiendo el escenario en una grandiosa fiesta de luz y sonido.<\/p>\n\n\n\n<p>Otros DJs destacables fueron Fercho Energy y Uri Sabat, el popular artista Anthony Godfather, pionero del latin tech, y Michenlo, que cerr\u00f3 el segundo d\u00eda de Zevra Festival.<\/p>\n\n\n\n<p>La \u00faltima jornada de Zevra Festival 2023 contar\u00e1 con las actuaciones del \u00faltimo fen\u00f3meno musical de la m\u00fasica urbana, Quevedo, Omar Montes, Emilia, Mora, Danny Romero, Ptazeta, \u00c1lvaro de Luna, Ana Mena, Despistaos o el siempre querido y aplaudido DJ Nano, entre otros.<\/p>\n\n\n\n<p>Zevra Festival, distinguido con el distintivo Mediterranew Musix del programa CreaTurisme que otorga Turisme Comunitat Valenciana, est\u00e1 organizado por LIVE2LOVE, promotora valenciana de eventos con m\u00e1s de 10 a\u00f1os de experiencia y creadores de algunos de los macrofestivales m\u00e1s importantes en territorio nacional.<\/p>\n\n\n\n<figure class=\"wp-block-image size-large\"><img decoding=\"async\" width=\"1024\" height=\"312\" src=\"https:\/\/infogandia.es\/wp-content\/uploads\/2023\/07\/zevra-festival-2023-63e12ef68c0a59.46879951-1-1024x312.jpeg\" alt=\"\" class=\"wp-image-1251\" srcset=\"https:\/\/infogandia.es\/wp-content\/uploads\/2023\/07\/zevra-festival-2023-63e12ef68c0a59.46879951-1-1024x312.jpeg 1024w, https:\/\/infogandia.es\/wp-content\/uploads\/2023\/07\/zevra-festival-2023-63e12ef68c0a59.46879951-1-300x91.jpeg 300w, https:\/\/infogandia.es\/wp-content\/uploads\/2023\/07\/zevra-festival-2023-63e12ef68c0a59.46879951-1-768x234.jpeg 768w, https:\/\/infogandia.es\/wp-content\/uploads\/2023\/07\/zevra-festival-2023-63e12ef68c0a59.46879951-1.jpeg 1141w\" sizes=\"(max-width: 1024px) 100vw, 1024px\" \/><\/figure>\n\n\n\n<figure class=\"wp-block-video\"><video height=\"848\" style=\"aspect-ratio: 480 \/ 848;\" width=\"480\" controls src=\"https:\/\/infogandia.es\/wp-content\/uploads\/2023\/07\/55-1.mp4\"><\/video><\/figure>\n","protected":false},"excerpt":{"rendered":"<p>Una atm\u00f3sfera repleta de entusiasmo y muchas ganas de bailar fueron las piezas que marcaron, ayer, de la segunda jornada Zevra Festival 2023, el mayor encuentro nacional de reguet\u00f3n y m\u00fasica urbana que se celebra desde el pasado viernes en Cullera. A partir de las 17:00h, el recinto del festival comenz\u00f3 a acoger a los&#8230;<\/p>\n","protected":false},"author":1,"featured_media":1249,"comment_status":"open","ping_status":"open","sticky":false,"template":"","format":"standard","meta":{"footnotes":""},"categories":[1,27,57],"tags":[68,73,70,30,71,56,69],"class_list":["post-1247","post","type-post","status-publish","format-standard","has-post-thumbnail","hentry","category-actualidad","category-sociedad","category-turismo","tag-68","tag-cullera","tag-festival","tag-gandia","tag-musica","tag-turismo","tag-zevra"],"_links":{"self":[{"href":"https:\/\/infogandia.es\/index.php\/wp-json\/wp\/v2\/posts\/1247","targetHints":{"allow":["GET"]}}],"collection":[{"href":"https:\/\/infogandia.es\/index.php\/wp-json\/wp\/v2\/posts"}],"about":[{"href":"https:\/\/infogandia.es\/index.php\/wp-json\/wp\/v2\/types\/post"}],"author":[{"embeddable":true,"href":"https:\/\/infogandia.es\/index.php\/wp-json\/wp\/v2\/users\/1"}],"replies":[{"embeddable":true,"href":"https:\/\/infogandia.es\/index.php\/wp-json\/wp\/v2\/comments?post=1247"}],"version-history":[{"count":1,"href":"https:\/\/infogandia.es\/index.php\/wp-json\/wp\/v2\/posts\/1247\/revisions"}],"predecessor-version":[{"id":1252,"href":"https:\/\/infogandia.es\/index.php\/wp-json\/wp\/v2\/posts\/1247\/revisions\/1252"}],"wp:featuredmedia":[{"embeddable":true,"href":"https:\/\/infogandia.es\/index.php\/wp-json\/wp\/v2\/media\/1249"}],"wp:attachment":[{"href":"https:\/\/infogandia.es\/index.php\/wp-json\/wp\/v2\/media?parent=1247"}],"wp:term":[{"taxonomy":"category","embeddable":true,"href":"https:\/\/infogandia.es\/index.php\/wp-json\/wp\/v2\/categories?post=1247"},{"taxonomy":"post_tag","embeddable":true,"href":"https:\/\/infogandia.es\/index.php\/wp-json\/wp\/v2\/tags?post=1247"}],"curies":[{"name":"wp","href":"https:\/\/api.w.org\/{rel}","templated":true}]}}