{"id":1268,"date":"2023-10-17T15:38:27","date_gmt":"2023-10-17T15:38:27","guid":{"rendered":"https:\/\/infogandia.es\/?p=1268"},"modified":"2023-10-17T15:38:27","modified_gmt":"2023-10-17T15:38:27","slug":"el-cementerio-en-ruinas-a-pocos-dias-de-todos-los-santos","status":"publish","type":"post","link":"https:\/\/infogandia.es\/index.php\/2023\/10\/17\/el-cementerio-en-ruinas-a-pocos-dias-de-todos-los-santos\/","title":{"rendered":"El cementerio en ruinas a pocos dias de Todos los santos&#8230;"},"content":{"rendered":"\n<p>Una ciudadana denuncia el estado de dejadez en el que se encuentra el Cementerio de Gandia. El camposanto municipal se encuentra a tumba abierta tras m\u00e1s de medio a\u00f1o desde que se iniciaron las obras localizar las fosas donde se hallaron los cuerpos de las v\u00edctimas del franquismo fusiladas tras la Guerra Civil. A fecha de hoy las familias siguen sin poder visitar a los allegados que se encuentran enterrados all\u00ed, y tampoco lo podr\u00e1n hacer este pr\u00f3ximo 1 de noviembre con motivo del D\u00eda de Todos los Santos. Las administraciones siguen sin hacerse cargo y la responsabilidad de que esto siga sin solucionarse recae en el cambio de gobierno de la Generalitat, aunque tambi\u00e9n a la falta de previsi\u00f3n de no destinar una partida concreta para financiar y acabar de aplicar la Ley de Memoria\u00a0Hist\u00f3rica.<\/p>\n","protected":false},"excerpt":{"rendered":"<p>Una ciudadana denuncia el estado de dejadez en el que se encuentra el Cementerio de Gandia. El camposanto municipal se encuentra a tumba abierta tras m\u00e1s de medio a\u00f1o desde que se iniciaron las obras localizar las fosas donde se hallaron los cuerpos de las v\u00edctimas del franquismo fusiladas tras la Guerra Civil. A fecha de hoy las familias siguen sin poder visitar a los allegados que se encuentran enterrados all\u00ed, y tampoco lo podr\u00e1n hacer este pr\u00f3ximo 1 de noviembre con motivo del D\u00eda de Todos los Santos.  Las administraciones siguen sin hacerse cargo y la responsabilidad de que esto siga sin solucionarse recae en el cambio de gobierno de la Generalitat, aunque tambi\u00e9n a la falta de previsi\u00f3n de no destinar una partida concreta para financiar y acabar de aplicar la Ley de Memoria\u00a0Hist\u00f3rica.<\/p>\n","protected":false},"author":1,"featured_media":1269,"comment_status":"open","ping_status":"open","sticky":false,"template":"","format":"standard","meta":{"footnotes":""},"categories":[1],"tags":[],"class_list":["post-1268","post","type-post","status-publish","format-standard","has-post-thumbnail","hentry","category-actualidad"],"_links":{"self":[{"href":"https:\/\/infogandia.es\/index.php\/wp-json\/wp\/v2\/posts\/1268","targetHints":{"allow":["GET"]}}],"collection":[{"href":"https:\/\/infogandia.es\/index.php\/wp-json\/wp\/v2\/posts"}],"about":[{"href":"https:\/\/infogandia.es\/index.php\/wp-json\/wp\/v2\/types\/post"}],"author":[{"embeddable":true,"href":"https:\/\/infogandia.es\/index.php\/wp-json\/wp\/v2\/users\/1"}],"replies":[{"embeddable":true,"href":"https:\/\/infogandia.es\/index.php\/wp-json\/wp\/v2\/comments?post=1268"}],"version-history":[{"count":1,"href":"https:\/\/infogandia.es\/index.php\/wp-json\/wp\/v2\/posts\/1268\/revisions"}],"predecessor-version":[{"id":1270,"href":"https:\/\/infogandia.es\/index.php\/wp-json\/wp\/v2\/posts\/1268\/revisions\/1270"}],"wp:featuredmedia":[{"embeddable":true,"href":"https:\/\/infogandia.es\/index.php\/wp-json\/wp\/v2\/media\/1269"}],"wp:attachment":[{"href":"https:\/\/infogandia.es\/index.php\/wp-json\/wp\/v2\/media?parent=1268"}],"wp:term":[{"taxonomy":"category","embeddable":true,"href":"https:\/\/infogandia.es\/index.php\/wp-json\/wp\/v2\/categories?post=1268"},{"taxonomy":"post_tag","embeddable":true,"href":"https:\/\/infogandia.es\/index.php\/wp-json\/wp\/v2\/tags?post=1268"}],"curies":[{"name":"wp","href":"https:\/\/api.w.org\/{rel}","templated":true}]}}