{"id":1312,"date":"2023-10-21T08:55:41","date_gmt":"2023-10-21T08:55:41","guid":{"rendered":"https:\/\/infogandia.es\/?p=1312"},"modified":"2023-10-21T08:55:41","modified_gmt":"2023-10-21T08:55:41","slug":"gandia-consigue-que-diputacio-financie-la-identificacion-de-los-resto-de-las-victimas-del-franquismo","status":"publish","type":"post","link":"https:\/\/infogandia.es\/index.php\/2023\/10\/21\/gandia-consigue-que-diputacio-financie-la-identificacion-de-los-resto-de-las-victimas-del-franquismo\/","title":{"rendered":"Gandia consigue que Diputaci\u00f3 financie la identificaci\u00f3n de los resto de las v\u00edctimas del franquismo."},"content":{"rendered":"\n<p>La vicepresidenta primera de la corporaci\u00f3n, Natalia Enguix, visita el cementerio de la capital de La Safor junto a la concejala de Memoria Democr\u00e1tica, Al\u00cdcia Izquierdo, y la presidenta de la asociaci\u00f3n, Nuria Mart\u00edn. Tras el hallazgo de los restos de 23 de los 63 cuerpos que los familiares esperan recuperar, el consistorio y el propio colectivo conf\u00edan en el apoyo de Memoria Hist\u00f3rica de la Diputaci\u00f3n para realizar las pruebas de ADN. Acompa\u00f1ada por la concejala de Patrimonio y Memoria Democr\u00e1tica, Al\u00edcia Izquierdo, y la presidenta de la asociaci\u00f3n de v\u00edctimas, Nuria Mart\u00edn, la vicepresidenta ha avanzado que la Diputaci\u00f3n \u201cest\u00e1 en disposici\u00f3n de asumir el coste del estudio antropol\u00f3gico para identificar a estas personas que fueron represaliadas durante la Guerra Civil, siempre en colaboraci\u00f3n con el ayuntamiento y la Generalitat, que realiz\u00f3 estas\u00a0excavaciones\u201d.<\/p>\n","protected":false},"excerpt":{"rendered":"<p>La vicepresidenta primera de la corporaci\u00f3n, Natalia Enguix, visita el cementerio de la capital de La Safor junto a la concejala de Memoria Democr\u00e1tica, Al\u00cdcia Izquierdo, y la presidenta de la asociaci\u00f3n, Nuria Mart\u00edn. Tras el hallazgo de los restos de 23 de los 63 cuerpos que los familiares esperan recuperar, el consistorio y el&#8230;<\/p>\n","protected":false},"author":1,"featured_media":1313,"comment_status":"open","ping_status":"open","sticky":false,"template":"","format":"standard","meta":{"footnotes":""},"categories":[1,27],"tags":[],"class_list":["post-1312","post","type-post","status-publish","format-standard","has-post-thumbnail","hentry","category-actualidad","category-sociedad"],"_links":{"self":[{"href":"https:\/\/infogandia.es\/index.php\/wp-json\/wp\/v2\/posts\/1312","targetHints":{"allow":["GET"]}}],"collection":[{"href":"https:\/\/infogandia.es\/index.php\/wp-json\/wp\/v2\/posts"}],"about":[{"href":"https:\/\/infogandia.es\/index.php\/wp-json\/wp\/v2\/types\/post"}],"author":[{"embeddable":true,"href":"https:\/\/infogandia.es\/index.php\/wp-json\/wp\/v2\/users\/1"}],"replies":[{"embeddable":true,"href":"https:\/\/infogandia.es\/index.php\/wp-json\/wp\/v2\/comments?post=1312"}],"version-history":[{"count":1,"href":"https:\/\/infogandia.es\/index.php\/wp-json\/wp\/v2\/posts\/1312\/revisions"}],"predecessor-version":[{"id":1314,"href":"https:\/\/infogandia.es\/index.php\/wp-json\/wp\/v2\/posts\/1312\/revisions\/1314"}],"wp:featuredmedia":[{"embeddable":true,"href":"https:\/\/infogandia.es\/index.php\/wp-json\/wp\/v2\/media\/1313"}],"wp:attachment":[{"href":"https:\/\/infogandia.es\/index.php\/wp-json\/wp\/v2\/media?parent=1312"}],"wp:term":[{"taxonomy":"category","embeddable":true,"href":"https:\/\/infogandia.es\/index.php\/wp-json\/wp\/v2\/categories?post=1312"},{"taxonomy":"post_tag","embeddable":true,"href":"https:\/\/infogandia.es\/index.php\/wp-json\/wp\/v2\/tags?post=1312"}],"curies":[{"name":"wp","href":"https:\/\/api.w.org\/{rel}","templated":true}]}}