{"id":1318,"date":"2023-10-21T09:00:45","date_gmt":"2023-10-21T09:00:45","guid":{"rendered":"https:\/\/infogandia.es\/?p=1318"},"modified":"2023-10-21T09:00:45","modified_gmt":"2023-10-21T09:00:45","slug":"el-nuevo-centro-de-salud-integral-de-rois-de-corella-abrira-sus-puertas-en-noviembre","status":"publish","type":"post","link":"https:\/\/infogandia.es\/index.php\/2023\/10\/21\/el-nuevo-centro-de-salud-integral-de-rois-de-corella-abrira-sus-puertas-en-noviembre\/","title":{"rendered":"El nuevo Centro de Salud Integral de Ro\u00eds de Corella abrir\u00e1 sus puertas en noviembre."},"content":{"rendered":"\n<p>Seg\u00fan ha confirmado la Conselleria de Sanidad, en apenas unas semanas se prodr\u00e1n recibir las obras ya ejecutadas. La concejala de Sanidad de Gandia, Liduvina Gil, revelaba a los medios de comunicaci\u00f3n, que lo primero que va a trasladarse es Salud P\u00fablica; despu\u00e9s Especialidades; y por \u00faltimo ya el Centro de Salud, que requiere reagrupar las cartillas sanitarias, ya que no s\u00f3lo se ir\u00e1n usuarios a Ro\u00eds de Corella, sino tambi\u00e9n al Centro de Salud de Corea, con lo que se va a descongestionar el Centro de Salud\u00a0de\u00a0Beniopa.<\/p>\n","protected":false},"excerpt":{"rendered":"<p>El nuevo Centro de Salud Integral de Ro\u00eds de Corella abrir\u00e1 sus puertas en noviembre.<\/p>\n","protected":false},"author":1,"featured_media":1320,"comment_status":"open","ping_status":"open","sticky":false,"template":"","format":"standard","meta":{"footnotes":""},"categories":[1,2],"tags":[68,80,30,78,79,28],"class_list":["post-1318","post","type-post","status-publish","format-standard","has-post-thumbnail","hentry","category-actualidad","category-salud","tag-68","tag-centro-de-salud-gandia","tag-gandia","tag-hospital-rois-de-corella","tag-noviembre23","tag-sociedad"],"_links":{"self":[{"href":"https:\/\/infogandia.es\/index.php\/wp-json\/wp\/v2\/posts\/1318","targetHints":{"allow":["GET"]}}],"collection":[{"href":"https:\/\/infogandia.es\/index.php\/wp-json\/wp\/v2\/posts"}],"about":[{"href":"https:\/\/infogandia.es\/index.php\/wp-json\/wp\/v2\/types\/post"}],"author":[{"embeddable":true,"href":"https:\/\/infogandia.es\/index.php\/wp-json\/wp\/v2\/users\/1"}],"replies":[{"embeddable":true,"href":"https:\/\/infogandia.es\/index.php\/wp-json\/wp\/v2\/comments?post=1318"}],"version-history":[{"count":1,"href":"https:\/\/infogandia.es\/index.php\/wp-json\/wp\/v2\/posts\/1318\/revisions"}],"predecessor-version":[{"id":1321,"href":"https:\/\/infogandia.es\/index.php\/wp-json\/wp\/v2\/posts\/1318\/revisions\/1321"}],"wp:featuredmedia":[{"embeddable":true,"href":"https:\/\/infogandia.es\/index.php\/wp-json\/wp\/v2\/media\/1320"}],"wp:attachment":[{"href":"https:\/\/infogandia.es\/index.php\/wp-json\/wp\/v2\/media?parent=1318"}],"wp:term":[{"taxonomy":"category","embeddable":true,"href":"https:\/\/infogandia.es\/index.php\/wp-json\/wp\/v2\/categories?post=1318"},{"taxonomy":"post_tag","embeddable":true,"href":"https:\/\/infogandia.es\/index.php\/wp-json\/wp\/v2\/tags?post=1318"}],"curies":[{"name":"wp","href":"https:\/\/api.w.org\/{rel}","templated":true}]}}