{"id":1325,"date":"2023-10-21T09:09:55","date_gmt":"2023-10-21T09:09:55","guid":{"rendered":"https:\/\/infogandia.es\/?p=1325"},"modified":"2023-10-21T09:09:55","modified_gmt":"2023-10-21T09:09:55","slug":"gandia-i-global-omnium-invertiran-23-milions-deuros-de-fons-europeus-per-a-digitalitzar-el-cicle-de-laigua","status":"publish","type":"post","link":"https:\/\/infogandia.es\/index.php\/2023\/10\/21\/gandia-i-global-omnium-invertiran-23-milions-deuros-de-fons-europeus-per-a-digitalitzar-el-cicle-de-laigua\/","title":{"rendered":"Gandia i Global Omnium invertiran 2,3 milions d&#8217;euros de fons europeus per a digitalitzar el cicle de l&#8217;aigua"},"content":{"rendered":"\n<p>Gandia rebr\u00e0 1,3 milions d&#8217;euros de finan\u00e7ament europeu (dins d&#8217;una actuaci\u00f3 valorada en 2,3 milions d&#8217;euros) per a millorar l&#8217;efici\u00e8ncia del cicle de l&#8217;aigua, modernitzant-lo i digitalitzant els processos, la qual cosa repercutir\u00e0 directament en la qualitat l&#8217;aigua i en el medi ambient.<br><br>Aix\u00ed ho ha explicat l&#8217;alcalde, <strong>Jos\u00e9 Manuel Prieto<\/strong> qui ha comparegut en roda de premsa acompanyat per <strong>Dionisio Garc\u00eda Com\u00edn<\/strong>, conseller delegat d&#8217;Aguas de Valencia.<br><br>Durant la compareixen\u00e7a s&#8217;ha explicat que els fons rebuts s&#8217;emmarquen dins del Pla de Recuperaci\u00f3, Transformaci\u00f3 i Resili\u00e8ncia, est\u00e0 vegada a trav\u00e9s del PERTE de digitalitzaci\u00f3 del cicle de l&#8217;aigua i que arriben a la nostra ciutat gr\u00e0cies al Projecte DigitAMED. Un projecte conjunt integrat per set municipis diferents de l&#8217;arc mediterrani (sis municipis de la Comunitat Valenciana i un de Catalunya) i liderat per Aig\u00fces de Val\u00e8ncia.<br><br>Prieto ha incidit en el fet que es tracta d&#8217;una nova inversi\u00f3 i oportunitat que es desenvolupa a Gandia gr\u00e0cies a la col\u00b7laboraci\u00f3 publicoprivada. &#8220;<em>Gandia t\u00e9 un dels millors sistemes de tractament de l&#8217;aigua. No sols en la manera de funcionar sin\u00f3 tamb\u00e9 en la qualitat de l&#8217;aigua que s&#8217;ofereix als nostres ve\u00efns<\/em>&#8221; i ha afegit que aquesta ajuda permetr\u00e0 que s&#8217;aprofite un b\u00e9 esc\u00e0s com l&#8217;aigua de la manera m\u00e9s eficient possible. &#8220;<em>La digitalitzaci\u00f3 i millora dels processos s\u00f3n grans aliats perqu\u00e8 no es perda ni una sola gota d&#8217;aquest recurs tan valu\u00f3s<\/em>&#8220;.<br><br>El projecte inclou accions des d&#8217;una perspectiva integral, ja que abasta des de la captaci\u00f3 del recurs fins al seu retorn al medi natural, passant per totes les etapes: transport, distribuci\u00f3 i recollida de l&#8217;aigua per a la seua depuraci\u00f3. Aix\u00f2 significa que suposar\u00e0 una important inversi\u00f3 en modernitzaci\u00f3 del clavegueram de la ciutat, al qual es destinar\u00e0 quasi un mili\u00f3 d&#8217;euros de la subvenci\u00f3.<br><br>Els objectius que es persegueixen amb aquesta iniciativa s\u00f3n:<br>&#8211; Monitoritzar la quantitat i qualitat d&#8217;aigua mitjan\u00e7ant sensors<br>&#8211; Optimitzar el tractament en les plantes municipals<br>&#8211; Reduir les p\u00e8rdues localitzant possibles fuges i donant-los soluci\u00f3<br>&#8211; Localitzar usos inadequats de l&#8217;aigua<br>&#8211; Identificar vessaments o filtracions contaminants i garantir la salut p\u00fablica<\/p>\n\n\n\n<p>&#8211; Els t\u00e8cnics de l&#8217;ajuntament tindran un major control en temps real del que est\u00e0 passant en la xarxa d&#8217;aigua i clavegueram<br><br>Un altre aspecte que s&#8217;ha destacat en la roda de premsa ha sigut que el projecte permetr\u00e0 establir sistemes d&#8217;alerta per a previndre els efectes de les inundacions urbanes, mitjan\u00e7ant el monitoratge en punts clau de les xarxes de sanejament i l&#8217;\u00fas de sistemes de previsi\u00f3 meteorol\u00f2gica.<br><br>La primera autoritat municipal ha volgut recordar que en les \u00faltimes dues d\u00e8cades s&#8217;han invertit m\u00e9s de 30 milions en infraestructures per a minimitzar els riscos de les fortes pluges i que actualment s&#8217;estan executant les obres del dep\u00f2sit del Clot de la Mota, que una vegada finalitzat, ser\u00e0 un dels dep\u00f2sits pluvials de major volum de la prov\u00edncia de Val\u00e8ncia. &#8220;<em>Cada vegada estem millor preparats per a combatre les fortes pluges i els pics que es produeixen<\/em>&#8221; ha declarat Prieto qui ha incidit en el fet que aquesta nova iniciativa millora la qualitat de l&#8217;aigua a m\u00e9s de previndre les inundacions, reduir el consum energ\u00e8tic i les emissions de CO\u2082 per la millora de l&#8217;efici\u00e8ncia.<br><br>Per part seua, Garc\u00eda Com\u00edn ha recalcat que &#8220;l<em>a digitalitzaci\u00f3 ens permetr\u00e0 tindre informaci\u00f3 de la xarxa en temps real la qual cosa ens permetr\u00e0 gestionar d&#8217;una manera m\u00e9s eficient, con\u00e9ixer les necessitats futures de la ciutat i realitzar simulacions que ens preparen millor davant situacions adverses&#8221; &#8220;Hem de continuar invertint i aquesta ajuda ens permet continuar sent un referent nacional en el tractament de l&#8217;aigua<\/em>&#8220;.<\/p>\n","protected":false},"excerpt":{"rendered":"<p>Gandia rebr\u00e0 1,3 milions d&#8217;euros de finan\u00e7ament europeu (dins d&#8217;una actuaci\u00f3 valorada en 2,3 milions d&#8217;euros) per a millorar l&#8217;efici\u00e8ncia del cicle de l&#8217;aigua, modernitzant-lo i digitalitzant els processos, la qual cosa repercutir\u00e0 directament en la qualitat l&#8217;aigua i en el medi ambient. Aix\u00ed ho ha explicat l&#8217;alcalde, Jos\u00e9 Manuel Prieto qui ha comparegut en&#8230;<\/p>\n","protected":false},"author":1,"featured_media":0,"comment_status":"open","ping_status":"open","sticky":false,"template":"","format":"standard","meta":{"footnotes":""},"categories":[1],"tags":[],"class_list":["post-1325","post","type-post","status-publish","format-standard","hentry","category-actualidad"],"_links":{"self":[{"href":"https:\/\/infogandia.es\/index.php\/wp-json\/wp\/v2\/posts\/1325","targetHints":{"allow":["GET"]}}],"collection":[{"href":"https:\/\/infogandia.es\/index.php\/wp-json\/wp\/v2\/posts"}],"about":[{"href":"https:\/\/infogandia.es\/index.php\/wp-json\/wp\/v2\/types\/post"}],"author":[{"embeddable":true,"href":"https:\/\/infogandia.es\/index.php\/wp-json\/wp\/v2\/users\/1"}],"replies":[{"embeddable":true,"href":"https:\/\/infogandia.es\/index.php\/wp-json\/wp\/v2\/comments?post=1325"}],"version-history":[{"count":1,"href":"https:\/\/infogandia.es\/index.php\/wp-json\/wp\/v2\/posts\/1325\/revisions"}],"predecessor-version":[{"id":1326,"href":"https:\/\/infogandia.es\/index.php\/wp-json\/wp\/v2\/posts\/1325\/revisions\/1326"}],"wp:attachment":[{"href":"https:\/\/infogandia.es\/index.php\/wp-json\/wp\/v2\/media?parent=1325"}],"wp:term":[{"taxonomy":"category","embeddable":true,"href":"https:\/\/infogandia.es\/index.php\/wp-json\/wp\/v2\/categories?post=1325"},{"taxonomy":"post_tag","embeddable":true,"href":"https:\/\/infogandia.es\/index.php\/wp-json\/wp\/v2\/tags?post=1325"}],"curies":[{"name":"wp","href":"https:\/\/api.w.org\/{rel}","templated":true}]}}