{"id":1337,"date":"2023-10-24T08:57:51","date_gmt":"2023-10-24T08:57:51","guid":{"rendered":"https:\/\/infogandia.es\/?p=1337"},"modified":"2023-10-24T08:57:51","modified_gmt":"2023-10-24T08:57:51","slug":"rebaja-a-10-anos-de-prision-para-un-pederasta-en-la-safor","status":"publish","type":"post","link":"https:\/\/infogandia.es\/index.php\/2023\/10\/24\/rebaja-a-10-anos-de-prision-para-un-pederasta-en-la-safor\/","title":{"rendered":"Rebaja a 10 a\u00f1os de prisi\u00f3n para un pederasta en la Safor."},"content":{"rendered":"\n<p>La Ley del solo S\u00ed es S\u00ed sigue beneficiando a miles de delincuentes y en este caso ha sido un hombre de 33 a\u00f1os quien gracias a la reforma legislativa solo cumplir\u00e1 diez a\u00f1os de presi\u00f3n por violar a un ni\u00f1o de nueve a\u00f1os con discapacidad auditiva de forma continuada, tal y como ha reconocido el responsable de la agresi\u00f3n sexual. En principio, la condena era de trece a\u00f1os pero finalmente s\u00f3lo estar\u00e1 exento de cumplir diez en el centro penitenciario, adem\u00e1s de tener prohibido acercarse a menos de 500 metros del menos por un plazo de ocho a\u00f1os y al pago de 25.000 euros en concepto de responsabilidad civil que pagar\u00e1 con lo que gane de su trabajo dentro del centro penitenciario. El acusado, durante el juicio, se mostr\u00f3 en todo momento arrepentido y dijo que &#8221;quer\u00eda pedir perd\u00f3n a la familia del menor y a \u00e9l&#8221; se\u00f1alando que actu\u00f3 &#8221;movido por el \u00e1nimo de satisfacer mis m\u00e1s bajos apetitos sexuales&#8221;. Admiti\u00f3 haber tenido sexo con penetraci\u00f3n con el menor de nueve a\u00f1os, aprovechando la relaci\u00f3n de amistad \u00edntima que ten\u00eda con los padres de la v\u00edctima quienes incluso llegaron a considerarlo como un\u00a0hermano\u00a0mayor.<\/p>\n","protected":false},"excerpt":{"rendered":"<p>Rebaja a 10 a\u00f1os de prisi\u00f3n para un pederasta en la Safor.<\/p>\n","protected":false},"author":1,"featured_media":1338,"comment_status":"open","ping_status":"open","sticky":false,"template":"","format":"standard","meta":{"footnotes":""},"categories":[1],"tags":[68,30,91,93,92],"class_list":["post-1337","post","type-post","status-publish","format-standard","has-post-thumbnail","hentry","category-actualidad","tag-68","tag-gandia","tag-pederasta","tag-rebajada-la-pena","tag-sentencia"],"_links":{"self":[{"href":"https:\/\/infogandia.es\/index.php\/wp-json\/wp\/v2\/posts\/1337","targetHints":{"allow":["GET"]}}],"collection":[{"href":"https:\/\/infogandia.es\/index.php\/wp-json\/wp\/v2\/posts"}],"about":[{"href":"https:\/\/infogandia.es\/index.php\/wp-json\/wp\/v2\/types\/post"}],"author":[{"embeddable":true,"href":"https:\/\/infogandia.es\/index.php\/wp-json\/wp\/v2\/users\/1"}],"replies":[{"embeddable":true,"href":"https:\/\/infogandia.es\/index.php\/wp-json\/wp\/v2\/comments?post=1337"}],"version-history":[{"count":1,"href":"https:\/\/infogandia.es\/index.php\/wp-json\/wp\/v2\/posts\/1337\/revisions"}],"predecessor-version":[{"id":1339,"href":"https:\/\/infogandia.es\/index.php\/wp-json\/wp\/v2\/posts\/1337\/revisions\/1339"}],"wp:featuredmedia":[{"embeddable":true,"href":"https:\/\/infogandia.es\/index.php\/wp-json\/wp\/v2\/media\/1338"}],"wp:attachment":[{"href":"https:\/\/infogandia.es\/index.php\/wp-json\/wp\/v2\/media?parent=1337"}],"wp:term":[{"taxonomy":"category","embeddable":true,"href":"https:\/\/infogandia.es\/index.php\/wp-json\/wp\/v2\/categories?post=1337"},{"taxonomy":"post_tag","embeddable":true,"href":"https:\/\/infogandia.es\/index.php\/wp-json\/wp\/v2\/tags?post=1337"}],"curies":[{"name":"wp","href":"https:\/\/api.w.org\/{rel}","templated":true}]}}