{"id":1352,"date":"2023-10-24T16:48:13","date_gmt":"2023-10-24T16:48:13","guid":{"rendered":"https:\/\/infogandia.es\/?p=1352"},"modified":"2023-10-24T16:48:14","modified_gmt":"2023-10-24T16:48:14","slug":"el-pp-de-gandia-sigue-exigiendo-cambios-al-gobierno-local","status":"publish","type":"post","link":"https:\/\/infogandia.es\/index.php\/2023\/10\/24\/el-pp-de-gandia-sigue-exigiendo-cambios-al-gobierno-local\/","title":{"rendered":"El PP de Gandia sigue exigiendo cambios al Gobierno local."},"content":{"rendered":"\n<p>En este caso el Partido Popular pide que se ponga soluci\u00f3n de una vez por todas para la Unidad Canina de la Polic\u00eda Local de Gandia. El portavoz adjunto del PP, David Ronda Cardona, ha se\u00f1alado, \u201cllevamos m\u00e1s de un mes y medio a la espera de una soluci\u00f3n que nunca llega y del que solo quieren dar titulares falsos cargados de esperanza\u201d, a\u00f1adiendo que \u201cmienten y seguir\u00e1n mintiendo a todos, que como ya dije la Unidad Canina no les preocupa, como tampoco el sufragar a los educadores caninos los gastos corrientes de esta unidad tras tres a\u00f1os sin pagarles un solo euro\u201d. Ronda Cardona ha recordado que \u2018\u2019los perros policiales han estado al servicio de la ciudad y el ciudadano a cambio de nada, sacando de nuestras calles las transacciones de drogas, as\u00ed como concienciando a los m\u00e1s peque\u00f1os de la gran ayuda que proporcionan estos grandes peludos policiales&#8221;. Por \u00faltimo, concluyen los populares el comunicado donde solicitan \u2018\u2019que la concejal de Seguridad y Polic\u00eda act\u00fae de manera urgente y d\u00e9 una soluci\u00f3n al grupo canino y vuelva a estar operativo salvo que se est\u00e9 preparando otro convenio disfrazado de mejoras y de cambios interesados que es lo que suele hacer el Gobierno\u00a0de\u00a0Gandia&#8221;.<\/p>\n","protected":false},"excerpt":{"rendered":"<p>El PP de Gandia sigue exigiendo cambios al Gobierno local. <\/p>\n","protected":false},"author":1,"featured_media":1353,"comment_status":"open","ping_status":"open","sticky":false,"template":"","format":"standard","meta":{"footnotes":""},"categories":[1,3],"tags":[98],"class_list":["post-1352","post","type-post","status-publish","format-standard","has-post-thumbnail","hentry","category-actualidad","category-politica","tag-el-pp-de-gandia-sigue-exigiendo-cambios-al-gobierno-local"],"_links":{"self":[{"href":"https:\/\/infogandia.es\/index.php\/wp-json\/wp\/v2\/posts\/1352","targetHints":{"allow":["GET"]}}],"collection":[{"href":"https:\/\/infogandia.es\/index.php\/wp-json\/wp\/v2\/posts"}],"about":[{"href":"https:\/\/infogandia.es\/index.php\/wp-json\/wp\/v2\/types\/post"}],"author":[{"embeddable":true,"href":"https:\/\/infogandia.es\/index.php\/wp-json\/wp\/v2\/users\/1"}],"replies":[{"embeddable":true,"href":"https:\/\/infogandia.es\/index.php\/wp-json\/wp\/v2\/comments?post=1352"}],"version-history":[{"count":1,"href":"https:\/\/infogandia.es\/index.php\/wp-json\/wp\/v2\/posts\/1352\/revisions"}],"predecessor-version":[{"id":1354,"href":"https:\/\/infogandia.es\/index.php\/wp-json\/wp\/v2\/posts\/1352\/revisions\/1354"}],"wp:featuredmedia":[{"embeddable":true,"href":"https:\/\/infogandia.es\/index.php\/wp-json\/wp\/v2\/media\/1353"}],"wp:attachment":[{"href":"https:\/\/infogandia.es\/index.php\/wp-json\/wp\/v2\/media?parent=1352"}],"wp:term":[{"taxonomy":"category","embeddable":true,"href":"https:\/\/infogandia.es\/index.php\/wp-json\/wp\/v2\/categories?post=1352"},{"taxonomy":"post_tag","embeddable":true,"href":"https:\/\/infogandia.es\/index.php\/wp-json\/wp\/v2\/tags?post=1352"}],"curies":[{"name":"wp","href":"https:\/\/api.w.org\/{rel}","templated":true}]}}