{"id":1355,"date":"2023-10-25T09:28:32","date_gmt":"2023-10-25T09:28:32","guid":{"rendered":"https:\/\/infogandia.es\/?p=1355"},"modified":"2023-10-25T09:28:32","modified_gmt":"2023-10-25T09:28:32","slug":"el-hotel-bayren-acoge-la-jornada-tur4all-day","status":"publish","type":"post","link":"https:\/\/infogandia.es\/index.php\/2023\/10\/25\/el-hotel-bayren-acoge-la-jornada-tur4all-day\/","title":{"rendered":"El hotel Bayren acoge la jornada TUR4ALL DAY."},"content":{"rendered":"\n<p>Este proyecto organizado por Impulsa Igualdad, la antigua plataforma representativa estatal de personas con discapacidad f\u00edsica y org\u00e1nica (PREDIF) y Turisme Comunitat Valenciana, ha celebrado su jornada en la playa de Gandia durante la ma\u00f1ana de ayer. Para empezar, se desarroll\u00f3 una serie de actividades en relaci\u00f3n con el turismo accesible enfocadas y orientadas para los profesionales del sector. M\u00e1s tarde, en la sesi\u00f3n de tarde se realizaron actividades enfocadas al p\u00fablico en general. Finalmente, Finalmente, a partir de las 18:00 horas tuvo lugar un concierto ac\u00fastico en el mismo hotel, donde la Fundaci\u00f3n Music For All colabor\u00f3 implementando diferentes medidas de\u00a0accesibilidad.<\/p>\n","protected":false},"excerpt":{"rendered":"<p>El hotel Bayren acoge la jornada TUR4ALL DAY.<\/p>\n","protected":false},"author":1,"featured_media":1356,"comment_status":"open","ping_status":"open","sticky":false,"template":"","format":"standard","meta":{"footnotes":""},"categories":[1,27],"tags":[68,43,30,56],"class_list":["post-1355","post","type-post","status-publish","format-standard","has-post-thumbnail","hentry","category-actualidad","category-sociedad","tag-68","tag-43","tag-gandia","tag-turismo"],"_links":{"self":[{"href":"https:\/\/infogandia.es\/index.php\/wp-json\/wp\/v2\/posts\/1355","targetHints":{"allow":["GET"]}}],"collection":[{"href":"https:\/\/infogandia.es\/index.php\/wp-json\/wp\/v2\/posts"}],"about":[{"href":"https:\/\/infogandia.es\/index.php\/wp-json\/wp\/v2\/types\/post"}],"author":[{"embeddable":true,"href":"https:\/\/infogandia.es\/index.php\/wp-json\/wp\/v2\/users\/1"}],"replies":[{"embeddable":true,"href":"https:\/\/infogandia.es\/index.php\/wp-json\/wp\/v2\/comments?post=1355"}],"version-history":[{"count":1,"href":"https:\/\/infogandia.es\/index.php\/wp-json\/wp\/v2\/posts\/1355\/revisions"}],"predecessor-version":[{"id":1357,"href":"https:\/\/infogandia.es\/index.php\/wp-json\/wp\/v2\/posts\/1355\/revisions\/1357"}],"wp:featuredmedia":[{"embeddable":true,"href":"https:\/\/infogandia.es\/index.php\/wp-json\/wp\/v2\/media\/1356"}],"wp:attachment":[{"href":"https:\/\/infogandia.es\/index.php\/wp-json\/wp\/v2\/media?parent=1355"}],"wp:term":[{"taxonomy":"category","embeddable":true,"href":"https:\/\/infogandia.es\/index.php\/wp-json\/wp\/v2\/categories?post=1355"},{"taxonomy":"post_tag","embeddable":true,"href":"https:\/\/infogandia.es\/index.php\/wp-json\/wp\/v2\/tags?post=1355"}],"curies":[{"name":"wp","href":"https:\/\/api.w.org\/{rel}","templated":true}]}}