{"id":1368,"date":"2023-10-26T07:44:37","date_gmt":"2023-10-26T07:44:37","guid":{"rendered":"https:\/\/infogandia.es\/?p=1368"},"modified":"2023-10-26T07:44:38","modified_gmt":"2023-10-26T07:44:38","slug":"cavalcades-xaranga-i-discomobil-per-als-mes-joves-a-corea-el-grau-i-beniopa-en-halloween","status":"publish","type":"post","link":"https:\/\/infogandia.es\/index.php\/2023\/10\/26\/cavalcades-xaranga-i-discomobil-per-als-mes-joves-a-corea-el-grau-i-beniopa-en-halloween\/","title":{"rendered":"Cavalcades, xaranga i discom\u00f2bil per als m\u00e9s joves a Corea, el Grau i Beniopa en Halloween"},"content":{"rendered":"\n<p>Halloween s&#8217;acosta i els xiquets ho saben. Per aix\u00f2, com cada any, Ajuntament, col\u00b7lectius i altres entitats han treballat intensament per a amenitzar als m\u00e9s xicotets amb diferents iniciatives en aquesta data. El dia del terror es converteix en una festa on les disfresses, les carabasses i les bruixes guanyen protagonisme.<br><br>Per tot aix\u00f2, en el barri de Corea se celebrar\u00e0 el divendres 27 d&#8217;octubre la XI Cavalcada Solid\u00e0ria &#8216;<strong>Nit de les \u00c0nimes<\/strong>&#8216;. Es tracta de participar amb una donaci\u00f3 d&#8217;un quilo solidari (preferiblement aliments no peribles que s&#8217;entregaran als Franciscans i Cruz roja) i, a canvi, els organitzadors regalaran llepolies.<br>L&#8217;eixida tindr\u00e0 lloc a les 17.30h des del carrer Tossal, on hi haur\u00e0 una xocolat\u00e0 i s&#8217;entregaran tant el quilo solidari com les llepolies. El recorregut continuar\u00e0 per Magistrat Catal\u00e1 i acabar\u00e0 en la pla\u00e7a del Jardinet. All\u00ed hi haur\u00e0 un espectacle infantil amb una discom\u00f2bil com a fi de festa. Aquesta iniciativa ha comptat amb la col\u00b7laboraci\u00f3 de les falles Sagrada Fam\u00edlia Corea, Plaza Ej\u00e9rcito Espa\u00f1ol-Jardinet, Serpis, Marqu\u00e9s de Camp-Per\u00fa i M\u00e0rtirs i Adjacents aix\u00ed com l&#8217;Associaci\u00f3 de Ve\u00efns.<br><br>La presidenta de la Junta de Districte, Inma Rodr\u00edguez ha volgut agrair a les falles de la barriada, l&#8217;associaci\u00f3 de ve\u00efns i al Consell dels Joves la seua implicaci\u00f3 per a posar en marxa una vegada m\u00e9s aquesta iniciativa que cada vegada atrau a m\u00e9s persones.<br><br>Com a novetat, tal com ha explicat la t\u00e8cnica de Joventut, Andrea Badal, s&#8217;ha organitzat un taller de maquillatge perqu\u00e8 tot aquell que ho desitge puga completar la seua disfressa m\u00e9s terror\u00edfica.<br><br>Finalment, Alfonso Rufat, president de l&#8217;Associaci\u00f3 de Ve\u00efns de Corea, ha convidat a la ciutadania en general al fet que acudisca al Halloween de Corea i aportaci\u00f3 el seu granet d&#8217;arena solidari.<br><\/p>\n\n\n\n<figure class=\"wp-block-image size-large\"><img fetchpriority=\"high\" decoding=\"async\" width=\"1024\" height=\"683\" src=\"https:\/\/infogandia.es\/wp-content\/uploads\/2023\/10\/frances_221028_5192-1024x683.jpg\" alt=\"\" class=\"wp-image-1369\" srcset=\"https:\/\/infogandia.es\/wp-content\/uploads\/2023\/10\/frances_221028_5192-1024x683.jpg 1024w, https:\/\/infogandia.es\/wp-content\/uploads\/2023\/10\/frances_221028_5192-300x200.jpg 300w, https:\/\/infogandia.es\/wp-content\/uploads\/2023\/10\/frances_221028_5192-768x512.jpg 768w, https:\/\/infogandia.es\/wp-content\/uploads\/2023\/10\/frances_221028_5192-1536x1024.jpg 1536w, https:\/\/infogandia.es\/wp-content\/uploads\/2023\/10\/frances_221028_5192-2048x1365.jpg 2048w, https:\/\/infogandia.es\/wp-content\/uploads\/2023\/10\/frances_221028_5192-600x400.jpg 600w\" sizes=\"(max-width: 1024px) 100vw, 1024px\" \/><\/figure>\n\n\n\n<p><br><strong>Halloween al Grau i Beniopa<\/strong><br>Pel que respecta al districte del Grau, la festa del qual ser\u00e0 el 31 d&#8217;octubre, les activitats comen\u00e7aran a partir de les 18.30 hores amb una concentraci\u00f3 en la pla\u00e7a de la Marina on es far\u00e0 una cercavila pels carrers del Grau a partir de les 19 hores que finalitzar\u00e0 en la mateixa pla\u00e7a on hi haur\u00e0 animaci\u00f3<br>A les 21.30h, sopar d&#8217;entrep\u00e0 al carrer, amb un preu de 4 \u20ac el tiquet, que inclou cadira i consumici\u00f3. A partir de les 23 hores ser\u00e0 el torn del lliurament de premis a les millors disfresses i discom\u00f2bil.<br><br>En el districte de Beniopa, m\u00e9s festa. En aquest cas ser\u00e0 el 28 d&#8217;octubre,\u00a0 dia original d&#8217;aquesta celebraci\u00f3, quan es far\u00e0 la &#8216;Festa del figatell&#8217;. Una nit solid\u00e0ria en favor de l&#8217;Associaci\u00f3 Astea, que ajuda a les persones amb trastorn d&#8217;espectre autista de la Safor.<br>A les 20.00 hores hi haur\u00e0 cercavila pels carrers de Beniopa, que servir\u00e0 de pr\u00e8via al sopar que tindr\u00e0 lloc a les 22.00 hores. El preu, amb despesa de taula i xupito inclosos, \u00e9s de 10 \u20ac fins al dia 27, dia en qu\u00e8 s&#8217;incrementa 2 euros m\u00e9s. Finalment, a partir de les 00.00 hores, gran festa final amb la discom\u00f3vil &#8216;Elegant&#8217;.<br><br>Per a reservar taula cal contactar al 699843581 o 695395580.<\/p>\n\n\n\n<figure class=\"wp-block-image size-large\"><img decoding=\"async\" width=\"724\" height=\"1024\" src=\"https:\/\/infogandia.es\/wp-content\/uploads\/2023\/10\/Beniopa-724x1024.jpeg\" alt=\"\" class=\"wp-image-1370\" srcset=\"https:\/\/infogandia.es\/wp-content\/uploads\/2023\/10\/Beniopa-724x1024.jpeg 724w, https:\/\/infogandia.es\/wp-content\/uploads\/2023\/10\/Beniopa-212x300.jpeg 212w, https:\/\/infogandia.es\/wp-content\/uploads\/2023\/10\/Beniopa-768x1086.jpeg 768w, https:\/\/infogandia.es\/wp-content\/uploads\/2023\/10\/Beniopa-1086x1536.jpeg 1086w, https:\/\/infogandia.es\/wp-content\/uploads\/2023\/10\/Beniopa.jpeg 1131w\" sizes=\"(max-width: 724px) 100vw, 724px\" \/><\/figure>\n","protected":false},"excerpt":{"rendered":"<p>Halloween s&#8217;acosta i els xiquets ho saben. Per aix\u00f2, com cada any, Ajuntament, col\u00b7lectius i altres entitats han treballat intensament per a amenitzar als m\u00e9s xicotets amb diferents iniciatives en aquesta data.<\/p>\n","protected":false},"author":1,"featured_media":1371,"comment_status":"open","ping_status":"open","sticky":false,"template":"","format":"standard","meta":{"footnotes":""},"categories":[1,27],"tags":[68,70,30,99,100,101,56],"class_list":["post-1368","post","type-post","status-publish","format-standard","has-post-thumbnail","hentry","category-actualidad","category-sociedad","tag-68","tag-festival","tag-gandia","tag-halloween","tag-halloween-2023","tag-noche-del-terror","tag-turismo"],"_links":{"self":[{"href":"https:\/\/infogandia.es\/index.php\/wp-json\/wp\/v2\/posts\/1368","targetHints":{"allow":["GET"]}}],"collection":[{"href":"https:\/\/infogandia.es\/index.php\/wp-json\/wp\/v2\/posts"}],"about":[{"href":"https:\/\/infogandia.es\/index.php\/wp-json\/wp\/v2\/types\/post"}],"author":[{"embeddable":true,"href":"https:\/\/infogandia.es\/index.php\/wp-json\/wp\/v2\/users\/1"}],"replies":[{"embeddable":true,"href":"https:\/\/infogandia.es\/index.php\/wp-json\/wp\/v2\/comments?post=1368"}],"version-history":[{"count":1,"href":"https:\/\/infogandia.es\/index.php\/wp-json\/wp\/v2\/posts\/1368\/revisions"}],"predecessor-version":[{"id":1372,"href":"https:\/\/infogandia.es\/index.php\/wp-json\/wp\/v2\/posts\/1368\/revisions\/1372"}],"wp:featuredmedia":[{"embeddable":true,"href":"https:\/\/infogandia.es\/index.php\/wp-json\/wp\/v2\/media\/1371"}],"wp:attachment":[{"href":"https:\/\/infogandia.es\/index.php\/wp-json\/wp\/v2\/media?parent=1368"}],"wp:term":[{"taxonomy":"category","embeddable":true,"href":"https:\/\/infogandia.es\/index.php\/wp-json\/wp\/v2\/categories?post=1368"},{"taxonomy":"post_tag","embeddable":true,"href":"https:\/\/infogandia.es\/index.php\/wp-json\/wp\/v2\/tags?post=1368"}],"curies":[{"name":"wp","href":"https:\/\/api.w.org\/{rel}","templated":true}]}}