{"id":1373,"date":"2023-10-26T09:36:11","date_gmt":"2023-10-26T09:36:11","guid":{"rendered":"https:\/\/infogandia.es\/?p=1373"},"modified":"2023-10-26T09:36:12","modified_gmt":"2023-10-26T09:36:12","slug":"dispositiu-especial-per-a-tots-sants-al-cementiri-municipal","status":"publish","type":"post","link":"https:\/\/infogandia.es\/index.php\/2023\/10\/26\/dispositiu-especial-per-a-tots-sants-al-cementiri-municipal\/","title":{"rendered":"Dispositiu especial per a Tots Sants al Cementiri Municipal"},"content":{"rendered":"\n<p>A partir del pr\u00f2xim 29 d&#8217;octubre es posa en marxa el Dispositiu especial de Tots Sants al Cementiri Municipal. Aix\u00ed, doncs, l&#8217;alcalde de Gandia, Jos\u00e9 Manuel Prieto; el regidor de Serveis B\u00e0sics al Ciutad\u00e0 i Qualitat Urbana, Jes\u00fas Naveiro; la regidora de Seguretat Ciutadana, Lydia Morant; i el Comissari Principal Cap de la Policia Local, Jos\u00e9 Mart\u00ednez Espasa, i l&#8217;intendent, Salvador Morant, van mantenir ahir una trobada per coordinar l&#8217;\u00faltima hora de l&#8217;ampli dispositiu que es posar\u00e0 en marxa m\u00e9s de visitar les instal\u00b7lacions del cementiri.<\/p>\n\n\n\n<figure class=\"wp-block-image size-large\"><img fetchpriority=\"high\" decoding=\"async\" width=\"1024\" height=\"714\" src=\"https:\/\/infogandia.es\/wp-content\/uploads\/2023\/10\/AO_0106-copia-1024x714.jpg\" alt=\"\" class=\"wp-image-1375\" srcset=\"https:\/\/infogandia.es\/wp-content\/uploads\/2023\/10\/AO_0106-copia-1024x714.jpg 1024w, https:\/\/infogandia.es\/wp-content\/uploads\/2023\/10\/AO_0106-copia-300x209.jpg 300w, https:\/\/infogandia.es\/wp-content\/uploads\/2023\/10\/AO_0106-copia-768x535.jpg 768w, https:\/\/infogandia.es\/wp-content\/uploads\/2023\/10\/AO_0106-copia-1536x1071.jpg 1536w, https:\/\/infogandia.es\/wp-content\/uploads\/2023\/10\/AO_0106-copia.jpg 1772w\" sizes=\"(max-width: 1024px) 100vw, 1024px\" \/><\/figure>\n\n\n\n<p>D&#8217;aquesta manera, <strong>Lydia Morant <\/strong>ha explicat que s&#8217;estableix un horari ininterromput des de les 8.00 hores fins a les 18.30 hores. Paral\u00b7lelament, s&#8217;hi aplicaran mesures referents als serveis preventius de protecci\u00f3 i mobilitat. Segons ha detallat Lydia Morant, el servei de Policia treballar\u00e0 en torns de mat\u00ed i vesprada amb 4 agents per torn; el de Protecci\u00f3 Civil actuar\u00e0 amb un responsable m\u00e9s tres voluntaris durant l&#8217;horari del cementiri, tret de la franja entre les 13 i les 15 hores. El servei preventiu sanitari estar\u00e0 disponible en torns de mat\u00ed i vesprada amb ambul\u00e0ncia i dotaci\u00f3 de recursos corresponent.<\/p>\n\n\n\n<p>Per facilitar els accessos i les eixides de manera escalonada els dies previs a l&#8217;1 de novembre, s&#8217;aplicar\u00e0 una senyalitzaci\u00f3 per a l&#8217;entrada i l&#8217;eixida, amb un operari al mat\u00ed i vesprada, mentre que els aparcaments continuaran amb el seu funcionament habitual posant a disposici\u00f3 dels usuaris prop de 400 places.<\/p>\n\n\n\n<p>A m\u00e9s, els horaris especials de la Marina Gandienca s&#8217;iniciaran a les 9 hores fins a les 18 hores al recorregut Grau-Gandia (Cementeri), mentre que el trajecte des del cementiri fins al Grau comen\u00e7ar\u00e0 a les 9:30 hores fins a les 18: 30 hores.<\/p>\n\n\n\n<p>El regidor de Serveis B\u00e0sics al Ciutad\u00e0, <strong>Jes\u00fas Naveiro<\/strong>, ha detallat les inversions al Cementiri Municipal que l&#8217;Ajuntament de Gandia ha efectuat aquest any. El Govern ha realitzat com cada any una intervenci\u00f3 intensiva al cementiri que ha consistit en actuacions a les zones verdes, revisi\u00f3 de materials i instruments necessaris (escales, contenidors, etc.), intervencions en banys i fonts i col\u00b7locaci\u00f3 de 26 contenidors per donar cabuda a totes les deixalles que es generen. A m\u00e9s, aquest exercici s&#8217;han invertit 170.000 euros en la construcci\u00f3 de nous n\u00ednxols.<\/p>\n\n\n\n<p>Finalment, <strong>Jos\u00e9 Manuel Prieto<\/strong> ha destacat que aquest any s&#8217;amplia l&#8217;horari de visites en trenta minuts i que tots els treballs previs s&#8217;han realitzat amb molt de compte, ja que es tracta d&#8217;una &#8220;c<em>ommemoraci\u00f3 molt especial pel que s&#8217;han refor\u00e7at els dispositius de neteja i jardineria<\/em>&#8221; i ha afegit que &#8220;<em>la visita al cementiri est\u00e0 garantida amb comoditat i seguretat<\/em>&#8220;.<\/p>\n\n\n\n<figure class=\"wp-block-image size-large\"><img decoding=\"async\" width=\"1024\" height=\"714\" src=\"https:\/\/infogandia.es\/wp-content\/uploads\/2023\/10\/AO_0191-copia-1024x714.jpg\" alt=\"\" class=\"wp-image-1374\" srcset=\"https:\/\/infogandia.es\/wp-content\/uploads\/2023\/10\/AO_0191-copia-1024x714.jpg 1024w, https:\/\/infogandia.es\/wp-content\/uploads\/2023\/10\/AO_0191-copia-300x209.jpg 300w, https:\/\/infogandia.es\/wp-content\/uploads\/2023\/10\/AO_0191-copia-768x535.jpg 768w, https:\/\/infogandia.es\/wp-content\/uploads\/2023\/10\/AO_0191-copia-1536x1071.jpg 1536w, https:\/\/infogandia.es\/wp-content\/uploads\/2023\/10\/AO_0191-copia.jpg 1772w\" sizes=\"(max-width: 1024px) 100vw, 1024px\" \/><\/figure>\n","protected":false},"excerpt":{"rendered":"<p>A partir del pr\u00f2xim 29 d&#8217;octubre es posa en marxa el Dispositiu especial de Tots Sants al Cementiri Municipal. <\/p>\n","protected":false},"author":1,"featured_media":1376,"comment_status":"open","ping_status":"open","sticky":false,"template":"","format":"standard","meta":{"footnotes":""},"categories":[1,3],"tags":[68,103,30,28,102],"class_list":["post-1373","post","type-post","status-publish","format-standard","has-post-thumbnail","hentry","category-actualidad","category-politica","tag-68","tag-cementerio-gandia","tag-gandia","tag-sociedad","tag-todos-los-santos"],"_links":{"self":[{"href":"https:\/\/infogandia.es\/index.php\/wp-json\/wp\/v2\/posts\/1373","targetHints":{"allow":["GET"]}}],"collection":[{"href":"https:\/\/infogandia.es\/index.php\/wp-json\/wp\/v2\/posts"}],"about":[{"href":"https:\/\/infogandia.es\/index.php\/wp-json\/wp\/v2\/types\/post"}],"author":[{"embeddable":true,"href":"https:\/\/infogandia.es\/index.php\/wp-json\/wp\/v2\/users\/1"}],"replies":[{"embeddable":true,"href":"https:\/\/infogandia.es\/index.php\/wp-json\/wp\/v2\/comments?post=1373"}],"version-history":[{"count":1,"href":"https:\/\/infogandia.es\/index.php\/wp-json\/wp\/v2\/posts\/1373\/revisions"}],"predecessor-version":[{"id":1377,"href":"https:\/\/infogandia.es\/index.php\/wp-json\/wp\/v2\/posts\/1373\/revisions\/1377"}],"wp:featuredmedia":[{"embeddable":true,"href":"https:\/\/infogandia.es\/index.php\/wp-json\/wp\/v2\/media\/1376"}],"wp:attachment":[{"href":"https:\/\/infogandia.es\/index.php\/wp-json\/wp\/v2\/media?parent=1373"}],"wp:term":[{"taxonomy":"category","embeddable":true,"href":"https:\/\/infogandia.es\/index.php\/wp-json\/wp\/v2\/categories?post=1373"},{"taxonomy":"post_tag","embeddable":true,"href":"https:\/\/infogandia.es\/index.php\/wp-json\/wp\/v2\/tags?post=1373"}],"curies":[{"name":"wp","href":"https:\/\/api.w.org\/{rel}","templated":true}]}}