{"id":1393,"date":"2023-10-27T17:15:59","date_gmt":"2023-10-27T17:15:59","guid":{"rendered":"https:\/\/infogandia.es\/?p=1393"},"modified":"2023-10-27T17:15:59","modified_gmt":"2023-10-27T17:15:59","slug":"cuatro-municipios-mas-se-unen-a-la-red-contra-la-violencia-de-genero-de-la-diputacio-de-valencia","status":"publish","type":"post","link":"https:\/\/infogandia.es\/index.php\/2023\/10\/27\/cuatro-municipios-mas-se-unen-a-la-red-contra-la-violencia-de-genero-de-la-diputacio-de-valencia\/","title":{"rendered":"Cuatro municipios m\u00e1s se unen a la Red contra la Violencia de G\u00e9nero de la Diputaci\u00f3 de Val\u00e8ncia"},"content":{"rendered":"\n<p>Almiser\u00e0, Palma de Gandia, Benifair\u00f3 de la Valldigna y Llocnou de Sant Jeroni se adhieren a la red provincial, con lo que la Safor suma un total de 26 miembros, el 84% de las localidades de la comarca. El presidente de la Diputaci\u00f3 de Val\u00e8ncia, Vicent Momp\u00f3, y la vicepresidenta primera y diputada de Igualdad, Natalia Enguix, han dado este jueves la bienvenida a los 23 nuevos miembros de la Red de Municipios Protegidos contra la Violencia de G\u00e9nero de la Diputaci\u00f3n, y lo han hecho en el acto celebrado en las Salas Rex de Alzira ante m\u00e1s de 200 responsables locales de las comarcas valencianas, que han conocido las l\u00edneas estrat\u00e9gicas de la corporaci\u00f3n en materia de Igualdad. Natalia Enguix ha anunciado que las ayudas se incrementar\u00e1n en 200.000 euros y que pertenecer a la red puntuar\u00e1 en el reparto de los fondos del pr\u00f3ximo Plan de Inversiones de la Diputaci\u00f3n. La vicepresidenta primera ha expuesto los ejes principales del \u00e1rea de Igualdad de cara a la presente legislatura, entre ellos \u201cpromover la formaci\u00f3n especializada en violencia de g\u00e9nero dirigida a las polic\u00edas locales, en colaboraci\u00f3n con el IVASPE, e impulsar la creaci\u00f3n de una red comarcal de casas de acogida en colaboraci\u00f3n con la Generalitat y las entidades sociales\u201d. Los responsables locales que han participado en la asamblea han sido informados, adem\u00e1s, de que dispondr\u00e1n de una gu\u00eda de recursos y servicios para los consistorios adheridos a esta plataforma de trabajo conjunto frente a la violencia ejercida contra\u00a0las\u00a0mujeres.<\/p>\n","protected":false},"excerpt":{"rendered":"<p>Cuatro municipios m\u00e1s se unen a la Red contra la Violencia de G\u00e9nero de la Diputaci\u00f3 de Val\u00e8ncia. <\/p>\n","protected":false},"author":1,"featured_media":1394,"comment_status":"open","ping_status":"open","sticky":false,"template":"","format":"standard","meta":{"footnotes":""},"categories":[1],"tags":[],"class_list":["post-1393","post","type-post","status-publish","format-standard","has-post-thumbnail","hentry","category-actualidad"],"_links":{"self":[{"href":"https:\/\/infogandia.es\/index.php\/wp-json\/wp\/v2\/posts\/1393","targetHints":{"allow":["GET"]}}],"collection":[{"href":"https:\/\/infogandia.es\/index.php\/wp-json\/wp\/v2\/posts"}],"about":[{"href":"https:\/\/infogandia.es\/index.php\/wp-json\/wp\/v2\/types\/post"}],"author":[{"embeddable":true,"href":"https:\/\/infogandia.es\/index.php\/wp-json\/wp\/v2\/users\/1"}],"replies":[{"embeddable":true,"href":"https:\/\/infogandia.es\/index.php\/wp-json\/wp\/v2\/comments?post=1393"}],"version-history":[{"count":1,"href":"https:\/\/infogandia.es\/index.php\/wp-json\/wp\/v2\/posts\/1393\/revisions"}],"predecessor-version":[{"id":1395,"href":"https:\/\/infogandia.es\/index.php\/wp-json\/wp\/v2\/posts\/1393\/revisions\/1395"}],"wp:featuredmedia":[{"embeddable":true,"href":"https:\/\/infogandia.es\/index.php\/wp-json\/wp\/v2\/media\/1394"}],"wp:attachment":[{"href":"https:\/\/infogandia.es\/index.php\/wp-json\/wp\/v2\/media?parent=1393"}],"wp:term":[{"taxonomy":"category","embeddable":true,"href":"https:\/\/infogandia.es\/index.php\/wp-json\/wp\/v2\/categories?post=1393"},{"taxonomy":"post_tag","embeddable":true,"href":"https:\/\/infogandia.es\/index.php\/wp-json\/wp\/v2\/tags?post=1393"}],"curies":[{"name":"wp","href":"https:\/\/api.w.org\/{rel}","templated":true}]}}