{"id":1433,"date":"2023-10-31T11:59:29","date_gmt":"2023-10-31T11:59:29","guid":{"rendered":"https:\/\/infogandia.es\/?p=1433"},"modified":"2023-10-31T15:34:34","modified_gmt":"2023-10-31T15:34:34","slug":"el-pp-de-gandia-pide-que-el-psoe-de-prieto-de-posicione-sobre-la-amnistia","status":"publish","type":"post","link":"https:\/\/infogandia.es\/index.php\/2023\/10\/31\/el-pp-de-gandia-pide-que-el-psoe-de-prieto-de-posicione-sobre-la-amnistia\/","title":{"rendered":"El PP de Gandia pide que el PSOE de Prieto se posicione sobre la amnist\u00eda"},"content":{"rendered":"\n<p>El portavoz del PP en el ayuntamiento de Gandia, Guillermo Barber Fuster ha pedido que el alcalde Prieto se manifieste si est\u00e1 de acuerdo con los pactos con nacionalistas e independentistas recordando que la ministra Diana Morant previsiblemente votar\u00e1 a favor de la Amnist\u00eda. La pregunta que el PSOEtraslada a sus bases dice textualmente, seg\u00fan los populares, \u201d\u00bfApoyas el acuerdo para formar un Gobierno con Sumar y lograr el apoyo de otras formaciones pol\u00edticas para alcanzar la mayor\u00eda necesaria?\u201d Por ello, Guillermo Barber recuerda que \u2018\u2019una vez m\u00e1s se aprecian claramente los m\u00e9todos enga\u00f1osos del Partido Socialista, no haciendo referencia en ning\u00fan momento a la ley de amnist\u00eda y escondiendo sus prop\u00f3sitos reales bajo la f\u00f3rmula de una pregunta ambigua&#8221;. Adem\u00e1s, Barber ha pedido \u2018\u2019a los socialistas de Gandia que voten en contra y voten NO a esos pactos que lo \u00fanico que pretenden es mantener a Pedro S\u00e1nchez en el poder a costa de romper el Estado Espa\u00f1ol&#8217;, en relaci\u00f3n a la situaci\u00f3n actual de cara a la investidura de S\u00e1nchez P\u00e9rez-Castej\u00f3n como presidente del Gobierno&nbsp;de&nbsp;Espa\u00f1a.<\/p>\n","protected":false},"excerpt":{"rendered":"<p>El PP de Gandia pide que el PSOE de Prieto de posicione sobre la amnist\u00eda.<\/p>\n","protected":false},"author":1,"featured_media":1434,"comment_status":"open","ping_status":"open","sticky":false,"template":"","format":"standard","meta":{"footnotes":""},"categories":[1,3],"tags":[68,30],"class_list":["post-1433","post","type-post","status-publish","format-standard","has-post-thumbnail","hentry","category-actualidad","category-politica","tag-68","tag-gandia"],"_links":{"self":[{"href":"https:\/\/infogandia.es\/index.php\/wp-json\/wp\/v2\/posts\/1433","targetHints":{"allow":["GET"]}}],"collection":[{"href":"https:\/\/infogandia.es\/index.php\/wp-json\/wp\/v2\/posts"}],"about":[{"href":"https:\/\/infogandia.es\/index.php\/wp-json\/wp\/v2\/types\/post"}],"author":[{"embeddable":true,"href":"https:\/\/infogandia.es\/index.php\/wp-json\/wp\/v2\/users\/1"}],"replies":[{"embeddable":true,"href":"https:\/\/infogandia.es\/index.php\/wp-json\/wp\/v2\/comments?post=1433"}],"version-history":[{"count":2,"href":"https:\/\/infogandia.es\/index.php\/wp-json\/wp\/v2\/posts\/1433\/revisions"}],"predecessor-version":[{"id":1442,"href":"https:\/\/infogandia.es\/index.php\/wp-json\/wp\/v2\/posts\/1433\/revisions\/1442"}],"wp:featuredmedia":[{"embeddable":true,"href":"https:\/\/infogandia.es\/index.php\/wp-json\/wp\/v2\/media\/1434"}],"wp:attachment":[{"href":"https:\/\/infogandia.es\/index.php\/wp-json\/wp\/v2\/media?parent=1433"}],"wp:term":[{"taxonomy":"category","embeddable":true,"href":"https:\/\/infogandia.es\/index.php\/wp-json\/wp\/v2\/categories?post=1433"},{"taxonomy":"post_tag","embeddable":true,"href":"https:\/\/infogandia.es\/index.php\/wp-json\/wp\/v2\/tags?post=1433"}],"curies":[{"name":"wp","href":"https:\/\/api.w.org\/{rel}","templated":true}]}}