{"id":1436,"date":"2023-10-31T12:00:11","date_gmt":"2023-10-31T12:00:11","guid":{"rendered":"https:\/\/infogandia.es\/?p=1436"},"modified":"2023-10-31T12:00:12","modified_gmt":"2023-10-31T12:00:12","slug":"el-programa-universitat-senior-2023-2024-se-ha-inaugurado-hoy-en-el-campus-de-gandia","status":"publish","type":"post","link":"https:\/\/infogandia.es\/index.php\/2023\/10\/31\/el-programa-universitat-senior-2023-2024-se-ha-inaugurado-hoy-en-el-campus-de-gandia\/","title":{"rendered":"El programa Universitat S\u00e8nior 2023-2024 se ha inaugurado hoy en el Campus de Gandia."},"content":{"rendered":"\n<p>El programa Universitat S\u00e8nior del Campus de Gandia ha celebrado esta ma\u00f1ana el acto de apertura del nuevo curso acad\u00e9mico. La sesi\u00f3n ha estado presidida por la vicerrectora de Arte, Ciencia, Tecnolog\u00eda y Sociedad de la UPV, Salom\u00e9 Cuesta, y el director del Campus de Gandia, Jes\u00fas Alba . Este programa, que alcanza su s\u00e9ptima edici\u00f3n en el Campus de Gandia trata de \u201crecoger todas las peticiones e inquietudes de su alumnado\u201d, ha destacado el director del campus, Jes\u00fas Alba, \u201cy ofrecer una formaci\u00f3n que permita completar su experiencia y actualizar sus conocimientos\u201d.<br><br>Este curso, el programa Universitat S\u00e8nior del Campus de Gandia cuenta con \u201c85 estudiantes matriculados y lista de espera\u201d y est\u00e1 dirigido \u201ccomo principal novedad, a personas mayores de 50 a\u00f1os\u201d. Seg\u00fan su coordinador, Bernardino Roig, \u201clo m\u00e1s importante es que, adem\u00e1s de las clases, se realizan conferencias, excursiones y actividades conjuntas entre los tres campus de la UPV (Valencia, Gandia y Alcoy) que dan mucha vida al curso\u201d.<\/p>\n\n\n\n<p>El per\u00edodo lectivo del programa Universitat S\u00e8nior 2023-2024 en el Campus de Gandia se inici\u00f3 el pasado 15 de octubre y finalizar\u00e1 el 30 de mayo de 2024. Las clases se imparten en la Sala de Conferencias 1 y 4, martes y jueves, de 16:30 a 17:30 horas y de 18:00&nbsp;a&nbsp;19:00&nbsp;horas.<\/p>\n","protected":false},"excerpt":{"rendered":"<p>El programa Universitat S\u00e8nior 2023-2024 se ha inaugurado hoy en el Campus de Gandia.<\/p>\n","protected":false},"author":1,"featured_media":1437,"comment_status":"open","ping_status":"open","sticky":false,"template":"","format":"standard","meta":{"footnotes":""},"categories":[1,27],"tags":[68,30],"class_list":["post-1436","post","type-post","status-publish","format-standard","has-post-thumbnail","hentry","category-actualidad","category-sociedad","tag-68","tag-gandia"],"_links":{"self":[{"href":"https:\/\/infogandia.es\/index.php\/wp-json\/wp\/v2\/posts\/1436","targetHints":{"allow":["GET"]}}],"collection":[{"href":"https:\/\/infogandia.es\/index.php\/wp-json\/wp\/v2\/posts"}],"about":[{"href":"https:\/\/infogandia.es\/index.php\/wp-json\/wp\/v2\/types\/post"}],"author":[{"embeddable":true,"href":"https:\/\/infogandia.es\/index.php\/wp-json\/wp\/v2\/users\/1"}],"replies":[{"embeddable":true,"href":"https:\/\/infogandia.es\/index.php\/wp-json\/wp\/v2\/comments?post=1436"}],"version-history":[{"count":1,"href":"https:\/\/infogandia.es\/index.php\/wp-json\/wp\/v2\/posts\/1436\/revisions"}],"predecessor-version":[{"id":1438,"href":"https:\/\/infogandia.es\/index.php\/wp-json\/wp\/v2\/posts\/1436\/revisions\/1438"}],"wp:featuredmedia":[{"embeddable":true,"href":"https:\/\/infogandia.es\/index.php\/wp-json\/wp\/v2\/media\/1437"}],"wp:attachment":[{"href":"https:\/\/infogandia.es\/index.php\/wp-json\/wp\/v2\/media?parent=1436"}],"wp:term":[{"taxonomy":"category","embeddable":true,"href":"https:\/\/infogandia.es\/index.php\/wp-json\/wp\/v2\/categories?post=1436"},{"taxonomy":"post_tag","embeddable":true,"href":"https:\/\/infogandia.es\/index.php\/wp-json\/wp\/v2\/tags?post=1436"}],"curies":[{"name":"wp","href":"https:\/\/api.w.org\/{rel}","templated":true}]}}