{"id":1439,"date":"2023-10-31T12:00:53","date_gmt":"2023-10-31T12:00:53","guid":{"rendered":"https:\/\/infogandia.es\/?p=1439"},"modified":"2023-11-06T17:05:13","modified_gmt":"2023-11-06T17:05:13","slug":"este-domingo-se-celebrara-la-iv-edicion-de-la-cursa-de-les-empresas-de-la-safor-esic","status":"publish","type":"post","link":"https:\/\/infogandia.es\/index.php\/2023\/10\/31\/este-domingo-se-celebrara-la-iv-edicion-de-la-cursa-de-les-empresas-de-la-safor-esic\/","title":{"rendered":"Este domingo se celebr\u00f3 la IV edici\u00f3n de la Cursa de les Empresas de la Safor-ESIC"},"content":{"rendered":"\n<p>El recorrido de 6,8 km, empez\u00f3 y termino en la plaza del Ej\u00e9rcito Espa\u00f1ol Jardinet. Tras el pistoletazo de salida, la carrera se desplaz\u00f3 por algunas calles de Corea hasta llegar al centro hist\u00f3rico y que visitaria algunass zonas por el Raval, desde donde, finalmente, se volv\u00eda al punto de inicio.<\/p>\n\n\n\n<p>Respecto a los premios, dentro de la categor\u00eda individual, hubo tres masculinos y tres femeninos. En cuanto a la clasificaci\u00f3n de los equipos, depender\u00e1 del tiempo del \u00faltimo miembro en llegar a la meta. Adem\u00e1s, habr\u00e1 galardones, tanto para el dise\u00f1o de camiseta m\u00e1s original, como para las tres empresas m\u00e1s numerosas del evento, lo que supone una novedad respecto a las anteriores ediciones, en las que s\u00f3lo se recompensaba a la organizaci\u00f3n con m\u00e1s participantes.<\/p>\n\n\n\n<p>Tal y como explica Bosc\u00e0, tras el \u00e9xito del a\u00f1o pasado, cuando se inscribieron 1.300 personas &#8220;duplicando el n\u00famero de inscritos en 2021&#8221;, se espera tener, al menos, &#8220;la misma cantidad de participantes para esta edici\u00f3n&#8221;.<\/p>\n\n\n\n<p>El objetivo del evento, tuvo varios puntos de avituallamiento y animaci\u00f3n de algunos sinergias entre los trabajadores y las empresas de toda la comarca&#8221;. A esta observaci\u00f3n, Naveiro ha a\u00f1adido que no s\u00f3lo se trata de fomentar el deporte, sino que tambi\u00e9n se intenta &#8220;crear un ambiente de vida sana, divertido y creativo en el que todo el p\u00fablico pueda participar&#8221;.<\/p>\n","protected":false},"excerpt":{"rendered":"<p>Este domingo se celebrar\u00e1 la IV edici\u00f3n de la Cursa de les Empresas de la Safor-ESIC.<\/p>\n","protected":false},"author":1,"featured_media":1440,"comment_status":"open","ping_status":"open","sticky":false,"template":"","format":"standard","meta":{"footnotes":""},"categories":[1,4],"tags":[68,30,28],"class_list":["post-1439","post","type-post","status-publish","format-standard","has-post-thumbnail","hentry","category-actualidad","category-deporte","tag-68","tag-gandia","tag-sociedad"],"_links":{"self":[{"href":"https:\/\/infogandia.es\/index.php\/wp-json\/wp\/v2\/posts\/1439","targetHints":{"allow":["GET"]}}],"collection":[{"href":"https:\/\/infogandia.es\/index.php\/wp-json\/wp\/v2\/posts"}],"about":[{"href":"https:\/\/infogandia.es\/index.php\/wp-json\/wp\/v2\/types\/post"}],"author":[{"embeddable":true,"href":"https:\/\/infogandia.es\/index.php\/wp-json\/wp\/v2\/users\/1"}],"replies":[{"embeddable":true,"href":"https:\/\/infogandia.es\/index.php\/wp-json\/wp\/v2\/comments?post=1439"}],"version-history":[{"count":6,"href":"https:\/\/infogandia.es\/index.php\/wp-json\/wp\/v2\/posts\/1439\/revisions"}],"predecessor-version":[{"id":1469,"href":"https:\/\/infogandia.es\/index.php\/wp-json\/wp\/v2\/posts\/1439\/revisions\/1469"}],"wp:featuredmedia":[{"embeddable":true,"href":"https:\/\/infogandia.es\/index.php\/wp-json\/wp\/v2\/media\/1440"}],"wp:attachment":[{"href":"https:\/\/infogandia.es\/index.php\/wp-json\/wp\/v2\/media?parent=1439"}],"wp:term":[{"taxonomy":"category","embeddable":true,"href":"https:\/\/infogandia.es\/index.php\/wp-json\/wp\/v2\/categories?post=1439"},{"taxonomy":"post_tag","embeddable":true,"href":"https:\/\/infogandia.es\/index.php\/wp-json\/wp\/v2\/tags?post=1439"}],"curies":[{"name":"wp","href":"https:\/\/api.w.org\/{rel}","templated":true}]}}