{"id":1470,"date":"2023-11-07T20:05:59","date_gmt":"2023-11-07T20:05:59","guid":{"rendered":"https:\/\/infogandia.es\/?p=1470"},"modified":"2023-11-07T20:05:59","modified_gmt":"2023-11-07T20:05:59","slug":"el-gobierno-de-espana-atendera-a-los-municipios-afectados-por-el-incendio-de-montichelvo-mediante-un-fondo-de-ayudas","status":"publish","type":"post","link":"https:\/\/infogandia.es\/index.php\/2023\/11\/07\/el-gobierno-de-espana-atendera-a-los-municipios-afectados-por-el-incendio-de-montichelvo-mediante-un-fondo-de-ayudas\/","title":{"rendered":"El Gobierno de Espa\u00f1a atender\u00e1 a los municipios afectados por el incendio de Montichelvo mediante un fondo de ayudas"},"content":{"rendered":"\n<p>La delegada del Gobierno en la Comunitat Valenciana, Pilar Bernab\u00e9 Garc\u00eda, manten\u00eda ayer tarde un encuentro con las alcaldesas y alcaldes de los municipios afectados por el incendio forestal que se inici\u00f3 en Montitxelvo el pasado jueves, 2 de noviembre y que ha arrasado 2500 hect\u00e1reas.Tras esta reuni\u00f3n, Bernab\u00e9 les ha explicado que la Delegaci\u00f3n del Gobierno \u201cestar\u00e1 a disposici\u00f3n de los consistorios en la solicitud de las ayudas estatales\u201d. Para el Gobierno, seg\u00fan ha dicho la delegada \u201ces prioritario dar una r\u00e1pida respuesta para la recuperaci\u00f3n de estas zonas\u201d. Pilar Bernab\u00e9 ha enmarcado esta reuni\u00f3n dentro de \u201cla necesaria coordinaci\u00f3n entre administraciones para lograr mantener los trabajos de prevenci\u00f3n, que son imprescindibles para volver a la normalidad y mantener protegidos los territorios.\u201d<\/p>\n\n\n\n<p>Seg\u00fan ha explicado la delegada, en estos momentos las ayudas a las que se pueden acoger los afectados vienen reguladas por el RD 307\/2005 de 18 de marzo del Ministerio del Interior para las subvenciones en atenci\u00f3n a determinadas necesidades derivadas de situaciones de emergencia o de naturaleza catastr\u00f3fica. Estas ayudas se pueden solicitar durante el mes siguiente a la fecha posterior a la extinci\u00f3n definitiva del incendio y el Ministerio del Interior resolver\u00e1 en un plazo de seis meses.<br>Adem\u00e1s, , la delegada ha animado a los consistorios a que realicen una evaluaci\u00f3n de los da\u00f1os ocasionados por el incendio para que, llegado el caso, se pueda presentar un expediente con el que solicitar \u201ccuanto antes\u201d las ayudas para zonas afectadas gravemente por una emergencia de Protecci\u00f3n Civil, conocidas com\u00fanmente como \u201cayudas para zonas&nbsp;catastr\u00f3ficas\u201d.<\/p>\n","protected":false},"excerpt":{"rendered":"<p>El Gobierno de Espa\u00f1a atender\u00e1 a los municipios afectados por el incendio de Montichelvo mediante un fondo de ayudas.<\/p>\n","protected":false},"author":1,"featured_media":1471,"comment_status":"open","ping_status":"open","sticky":false,"template":"","format":"standard","meta":{"footnotes":""},"categories":[1,27],"tags":[68,30],"class_list":["post-1470","post","type-post","status-publish","format-standard","has-post-thumbnail","hentry","category-actualidad","category-sociedad","tag-68","tag-gandia"],"_links":{"self":[{"href":"https:\/\/infogandia.es\/index.php\/wp-json\/wp\/v2\/posts\/1470","targetHints":{"allow":["GET"]}}],"collection":[{"href":"https:\/\/infogandia.es\/index.php\/wp-json\/wp\/v2\/posts"}],"about":[{"href":"https:\/\/infogandia.es\/index.php\/wp-json\/wp\/v2\/types\/post"}],"author":[{"embeddable":true,"href":"https:\/\/infogandia.es\/index.php\/wp-json\/wp\/v2\/users\/1"}],"replies":[{"embeddable":true,"href":"https:\/\/infogandia.es\/index.php\/wp-json\/wp\/v2\/comments?post=1470"}],"version-history":[{"count":1,"href":"https:\/\/infogandia.es\/index.php\/wp-json\/wp\/v2\/posts\/1470\/revisions"}],"predecessor-version":[{"id":1472,"href":"https:\/\/infogandia.es\/index.php\/wp-json\/wp\/v2\/posts\/1470\/revisions\/1472"}],"wp:featuredmedia":[{"embeddable":true,"href":"https:\/\/infogandia.es\/index.php\/wp-json\/wp\/v2\/media\/1471"}],"wp:attachment":[{"href":"https:\/\/infogandia.es\/index.php\/wp-json\/wp\/v2\/media?parent=1470"}],"wp:term":[{"taxonomy":"category","embeddable":true,"href":"https:\/\/infogandia.es\/index.php\/wp-json\/wp\/v2\/categories?post=1470"},{"taxonomy":"post_tag","embeddable":true,"href":"https:\/\/infogandia.es\/index.php\/wp-json\/wp\/v2\/tags?post=1470"}],"curies":[{"name":"wp","href":"https:\/\/api.w.org\/{rel}","templated":true}]}}