{"id":1473,"date":"2023-11-07T20:10:10","date_gmt":"2023-11-07T20:10:10","guid":{"rendered":"https:\/\/infogandia.es\/?p=1473"},"modified":"2023-11-07T20:10:10","modified_gmt":"2023-11-07T20:10:10","slug":"v-edicion-de-la-trobada-a-la-placa-en-rotova","status":"publish","type":"post","link":"https:\/\/infogandia.es\/index.php\/2023\/11\/07\/v-edicion-de-la-trobada-a-la-placa-en-rotova\/","title":{"rendered":"V edici\u00f3n de la &#8220;Trobada a la pla\u00e7a&#8221; en R\u00f3tova"},"content":{"rendered":"\n<p>Este domingo 12 de noviembre la Plaza Mayor de R\u00f3tova acoger\u00e1 de 11h a 14h, la quinta edici\u00f3n de &#8216;Trobada a la pla\u00e7a&#8217;, un espacio donde la gente puede leer los textos elegidos de los escritores y escritoras que asistir\u00e1n y conocerlos.<\/p>\n\n\n\n<p>Intervendr\u00e1n en el acto Mar\u00eda Josep Escriv\u00e1, Salvador Bolufer, Irene Verd\u00fa, Santiago Diaz, Vicent Magraner (La meua pau) y Jose Figueres.<\/p>\n\n\n\n<p>Quien quiera participar, s\u00f3lo tiene que inscribirse en el tel\u00e9fono 682 824 697 o a trav\u00e9s del correo cultura@rotova.es y recoger en el Ayuntamiento uno de los textos de las escritoras y escritores.<\/p>\n\n\n\n<p>Adem\u00e1s, tendr\u00e1 lugar una feria del libro, que contar\u00e1 con la participaci\u00f3n de la Librer\u00eda de Almiser\u00e0. Entre las actividades previstas est\u00e1 la de \u201cUna segona oportunitat: si t&#8217;hi apropes, t\u2019emportes un llibre\u201d, una forma de dar otra vida&nbsp;a&nbsp;los&nbsp;libros.<\/p>\n","protected":false},"excerpt":{"rendered":"<p>V edici\u00f3n de la &#8220;Trobada a la pla\u00e7a&#8221; en R\u00f3tova.<\/p>\n","protected":false},"author":1,"featured_media":1474,"comment_status":"open","ping_status":"open","sticky":false,"template":"","format":"standard","meta":{"footnotes":""},"categories":[1,27],"tags":[68,30],"class_list":["post-1473","post","type-post","status-publish","format-standard","has-post-thumbnail","hentry","category-actualidad","category-sociedad","tag-68","tag-gandia"],"_links":{"self":[{"href":"https:\/\/infogandia.es\/index.php\/wp-json\/wp\/v2\/posts\/1473","targetHints":{"allow":["GET"]}}],"collection":[{"href":"https:\/\/infogandia.es\/index.php\/wp-json\/wp\/v2\/posts"}],"about":[{"href":"https:\/\/infogandia.es\/index.php\/wp-json\/wp\/v2\/types\/post"}],"author":[{"embeddable":true,"href":"https:\/\/infogandia.es\/index.php\/wp-json\/wp\/v2\/users\/1"}],"replies":[{"embeddable":true,"href":"https:\/\/infogandia.es\/index.php\/wp-json\/wp\/v2\/comments?post=1473"}],"version-history":[{"count":1,"href":"https:\/\/infogandia.es\/index.php\/wp-json\/wp\/v2\/posts\/1473\/revisions"}],"predecessor-version":[{"id":1475,"href":"https:\/\/infogandia.es\/index.php\/wp-json\/wp\/v2\/posts\/1473\/revisions\/1475"}],"wp:featuredmedia":[{"embeddable":true,"href":"https:\/\/infogandia.es\/index.php\/wp-json\/wp\/v2\/media\/1474"}],"wp:attachment":[{"href":"https:\/\/infogandia.es\/index.php\/wp-json\/wp\/v2\/media?parent=1473"}],"wp:term":[{"taxonomy":"category","embeddable":true,"href":"https:\/\/infogandia.es\/index.php\/wp-json\/wp\/v2\/categories?post=1473"},{"taxonomy":"post_tag","embeddable":true,"href":"https:\/\/infogandia.es\/index.php\/wp-json\/wp\/v2\/tags?post=1473"}],"curies":[{"name":"wp","href":"https:\/\/api.w.org\/{rel}","templated":true}]}}