{"id":1479,"date":"2023-11-07T20:12:11","date_gmt":"2023-11-07T20:12:11","guid":{"rendered":"https:\/\/infogandia.es\/?p=1479"},"modified":"2023-11-07T20:12:11","modified_gmt":"2023-11-07T20:12:11","slug":"retrasos-en-la-apertura-del-nuevo-del-centro-sanitario-rois-de-corella-y-de-la-plaza-de-la-salud","status":"publish","type":"post","link":"https:\/\/infogandia.es\/index.php\/2023\/11\/07\/retrasos-en-la-apertura-del-nuevo-del-centro-sanitario-rois-de-corella-y-de-la-plaza-de-la-salud\/","title":{"rendered":"Retrasos en la apertura del nuevo del centro sanitario Ro\u00eds de Corella y de la Plaza de la Salud"},"content":{"rendered":"\n<p>El Ayuntamiento de Gandia ha solicitado una reuni\u00f3n urgente a la Conselleria de Sanidad para conocer la fecha de apertura del centro sanitario Ro\u00eds de Corella y de la Plaza de la Salud, al estar a punto de vencerse los \u00faltimos plazos comunicados al consistorio por parte de la Generalitat Valenciana, que estimaban el inicio de la actividad para principios de noviembre.<\/p>\n\n\n\n<p>El alcalde de Gandia, Jos\u00e9 Manuel Prieto, se muestra preocupado por los retrasos que se est\u00e1n produciendo, que incluso est\u00e1n provocando deterioros en infraestructuras nuevas, que deber\u00edan estar ya abiertas, como es la Plaza&nbsp;de&nbsp;la&nbsp;Salud.<\/p>\n","protected":false},"excerpt":{"rendered":"<p>Retrasos en la apertura del nuevo del centro sanitario Ro\u00eds de Corella y de la Plaza de la Salud. <\/p>\n","protected":false},"author":1,"featured_media":1480,"comment_status":"open","ping_status":"open","sticky":false,"template":"","format":"standard","meta":{"footnotes":""},"categories":[1,2],"tags":[68,30],"class_list":["post-1479","post","type-post","status-publish","format-standard","has-post-thumbnail","hentry","category-actualidad","category-salud","tag-68","tag-gandia"],"_links":{"self":[{"href":"https:\/\/infogandia.es\/index.php\/wp-json\/wp\/v2\/posts\/1479","targetHints":{"allow":["GET"]}}],"collection":[{"href":"https:\/\/infogandia.es\/index.php\/wp-json\/wp\/v2\/posts"}],"about":[{"href":"https:\/\/infogandia.es\/index.php\/wp-json\/wp\/v2\/types\/post"}],"author":[{"embeddable":true,"href":"https:\/\/infogandia.es\/index.php\/wp-json\/wp\/v2\/users\/1"}],"replies":[{"embeddable":true,"href":"https:\/\/infogandia.es\/index.php\/wp-json\/wp\/v2\/comments?post=1479"}],"version-history":[{"count":1,"href":"https:\/\/infogandia.es\/index.php\/wp-json\/wp\/v2\/posts\/1479\/revisions"}],"predecessor-version":[{"id":1481,"href":"https:\/\/infogandia.es\/index.php\/wp-json\/wp\/v2\/posts\/1479\/revisions\/1481"}],"wp:featuredmedia":[{"embeddable":true,"href":"https:\/\/infogandia.es\/index.php\/wp-json\/wp\/v2\/media\/1480"}],"wp:attachment":[{"href":"https:\/\/infogandia.es\/index.php\/wp-json\/wp\/v2\/media?parent=1479"}],"wp:term":[{"taxonomy":"category","embeddable":true,"href":"https:\/\/infogandia.es\/index.php\/wp-json\/wp\/v2\/categories?post=1479"},{"taxonomy":"post_tag","embeddable":true,"href":"https:\/\/infogandia.es\/index.php\/wp-json\/wp\/v2\/tags?post=1479"}],"curies":[{"name":"wp","href":"https:\/\/api.w.org\/{rel}","templated":true}]}}