{"id":1482,"date":"2023-11-07T20:14:40","date_gmt":"2023-11-07T20:14:40","guid":{"rendered":"https:\/\/infogandia.es\/?p=1482"},"modified":"2023-11-07T20:14:41","modified_gmt":"2023-11-07T20:14:41","slug":"taller-de-doblaje-en-las-aulas-de-gandia","status":"publish","type":"post","link":"https:\/\/infogandia.es\/index.php\/2023\/11\/07\/taller-de-doblaje-en-las-aulas-de-gandia\/","title":{"rendered":"Taller de doblaje en las aulas de Gandia"},"content":{"rendered":"\n<p>Dentro del programa de Gandia, entre todas y todos, mejor, la Agencia AVIVA de Promoci\u00f3n del Valenciano ha ofrecido, este a\u00f1o, a las escuelas de Gandia, la posibilidad de que el alumnado realice un taller de doblaje, con \u00abel objetivo fundamental mejorar la destreza oral en el alumnado, a trav\u00e9s de una experiencia pr\u00e1ctica diferente y enriquecedora. Totalmente pr\u00e1ctico, el curso sigue el proceso real de doblaje de pel\u00edculas y series\u00bb.<\/p>\n\n\n\n<p>Como ha asegurado la concejala de Educaci\u00f3n y Pol\u00edtica ling\u00fc\u00edstica, Esther Sapena, \u201cel d\u00eda a d\u00eda del aula no deja espacio suficiente para desarrollar y trabajar la competencia oral. As\u00ed, en el taller se potencian aspectos como la dicci\u00f3n, las pausas, las entonaciones o la habilidad de hablar en p\u00fablico. Aporta, tambi\u00e9n, un nuevo enfoque al mundo y la realidad del doblaje y la interpretaci\u00f3n, y c\u00f3mo aplicarlo a la realidad cotidiana. La competencia ling\u00fc\u00edstica y pluriling\u00fce forman parte de la pr\u00e1ctica\u00bb.<\/p>\n\n\n\n<p>Dirigido a Bachillerato, Formaci\u00f3n Profesional y Segundo ciclo de ESO, se han solicitado un total de 11 talleres, que se iniciaron el 30 de octubre en el colegio Carmelitas, seguido por Abec\u00e9, hoy, aqu\u00ed a Enric Valor, a Gregori Mayans y que finalizar\u00e1 el 19 de diciembre, en el colegio Los Naranjos.<\/p>\n\n\n\n<p>\u00c9ste est\u00e1 impartido por Joan Tur, licenciado en Ciencias de la Comunicaci\u00f3n por la Universidad Aut\u00f3noma de Barcelona, \u200b\u200by con un m\u00e1ster en Doblaje en AC ESTUDIOS. Adem\u00e1s, tambi\u00e9n es profesor asociado de la UPV, y profesor del curso &#8216;La voz como herramienta de comunicaci\u00f3n y doblaje&#8217; en la Universidad Polit\u00e9cnica de Valencia y en institutos (para profesores a trav\u00e9s&nbsp;del&nbsp;CEFIRE).<\/p>\n","protected":false},"excerpt":{"rendered":"<p>Taller de doblaje en las aulas de Gandia.<\/p>\n","protected":false},"author":1,"featured_media":1483,"comment_status":"open","ping_status":"open","sticky":false,"template":"","format":"standard","meta":{"footnotes":""},"categories":[1,2],"tags":[68,30],"class_list":["post-1482","post","type-post","status-publish","format-standard","has-post-thumbnail","hentry","category-actualidad","category-salud","tag-68","tag-gandia"],"_links":{"self":[{"href":"https:\/\/infogandia.es\/index.php\/wp-json\/wp\/v2\/posts\/1482","targetHints":{"allow":["GET"]}}],"collection":[{"href":"https:\/\/infogandia.es\/index.php\/wp-json\/wp\/v2\/posts"}],"about":[{"href":"https:\/\/infogandia.es\/index.php\/wp-json\/wp\/v2\/types\/post"}],"author":[{"embeddable":true,"href":"https:\/\/infogandia.es\/index.php\/wp-json\/wp\/v2\/users\/1"}],"replies":[{"embeddable":true,"href":"https:\/\/infogandia.es\/index.php\/wp-json\/wp\/v2\/comments?post=1482"}],"version-history":[{"count":1,"href":"https:\/\/infogandia.es\/index.php\/wp-json\/wp\/v2\/posts\/1482\/revisions"}],"predecessor-version":[{"id":1484,"href":"https:\/\/infogandia.es\/index.php\/wp-json\/wp\/v2\/posts\/1482\/revisions\/1484"}],"wp:featuredmedia":[{"embeddable":true,"href":"https:\/\/infogandia.es\/index.php\/wp-json\/wp\/v2\/media\/1483"}],"wp:attachment":[{"href":"https:\/\/infogandia.es\/index.php\/wp-json\/wp\/v2\/media?parent=1482"}],"wp:term":[{"taxonomy":"category","embeddable":true,"href":"https:\/\/infogandia.es\/index.php\/wp-json\/wp\/v2\/categories?post=1482"},{"taxonomy":"post_tag","embeddable":true,"href":"https:\/\/infogandia.es\/index.php\/wp-json\/wp\/v2\/tags?post=1482"}],"curies":[{"name":"wp","href":"https:\/\/api.w.org\/{rel}","templated":true}]}}