{"id":1485,"date":"2023-11-07T20:15:29","date_gmt":"2023-11-07T20:15:29","guid":{"rendered":"https:\/\/infogandia.es\/?p=1485"},"modified":"2023-11-07T20:15:29","modified_gmt":"2023-11-07T20:15:29","slug":"pro-musica-gandia-gana-el-vii-premio-a-la-trayectoria-cultural","status":"publish","type":"post","link":"https:\/\/infogandia.es\/index.php\/2023\/11\/07\/pro-musica-gandia-gana-el-vii-premio-a-la-trayectoria-cultural\/","title":{"rendered":"Pro M\u00fasica Gandia gana el VII premio a la Trayectoria Cultural"},"content":{"rendered":"\n<p>La Sociedad de Fomento de la Agricultura, la Industria y el Comercio de Gandia celebr\u00f3 ayer por la tarde la VII entrega del premio a la Trayectoria Cultural. Este galard\u00f3n naci\u00f3 en 2017 a ra\u00edz del nombramiento de la ciudad como Capital Cultural Valenciana, y tiene car\u00e1cter honor\u00edfico.<\/p>\n\n\n\n<p>Este a\u00f1o, la entidad ha entregado el reconocimiento a la asociaci\u00f3n Pro M\u00fasica Gandia, en honor a los casi 30 a\u00f1os que lleva acercando este tipo de arte a los ciudadanos del municipio.<\/p>\n\n\n\n<p>El alcalde de Gandia, Jos\u00e9 Manuel Prieto, ha puesto en valor el trabajo de la organizaci\u00f3n que, a lo largo de su trayectoria, ha realizado m\u00e1s de 200 actuaciones de toda clase con el objetivo de \u201chacer de la m\u00fasica cl\u00e1sica un sentimiento y seguir sumando m\u00e1s seguidores que despiertan a la afici\u00f3n por este estilo\u201d.<\/p>\n\n\n\n<p>Adem\u00e1s, ha expresado su agradecimiento por la organizaci\u00f3n de este evento &#8220;sin\u00f3nimo del reconocimiento al trabajo, la cultura valenciana y el orgullo&nbsp;de&nbsp;la&nbsp;ciudad&#8221;.<\/p>\n","protected":false},"excerpt":{"rendered":"<p>Pro M\u00fasica Gandia gana el VII premio a la Trayectoria Cultural. <\/p>\n","protected":false},"author":1,"featured_media":1486,"comment_status":"open","ping_status":"open","sticky":false,"template":"","format":"standard","meta":{"footnotes":""},"categories":[1],"tags":[68,30],"class_list":["post-1485","post","type-post","status-publish","format-standard","has-post-thumbnail","hentry","category-actualidad","tag-68","tag-gandia"],"_links":{"self":[{"href":"https:\/\/infogandia.es\/index.php\/wp-json\/wp\/v2\/posts\/1485","targetHints":{"allow":["GET"]}}],"collection":[{"href":"https:\/\/infogandia.es\/index.php\/wp-json\/wp\/v2\/posts"}],"about":[{"href":"https:\/\/infogandia.es\/index.php\/wp-json\/wp\/v2\/types\/post"}],"author":[{"embeddable":true,"href":"https:\/\/infogandia.es\/index.php\/wp-json\/wp\/v2\/users\/1"}],"replies":[{"embeddable":true,"href":"https:\/\/infogandia.es\/index.php\/wp-json\/wp\/v2\/comments?post=1485"}],"version-history":[{"count":1,"href":"https:\/\/infogandia.es\/index.php\/wp-json\/wp\/v2\/posts\/1485\/revisions"}],"predecessor-version":[{"id":1487,"href":"https:\/\/infogandia.es\/index.php\/wp-json\/wp\/v2\/posts\/1485\/revisions\/1487"}],"wp:featuredmedia":[{"embeddable":true,"href":"https:\/\/infogandia.es\/index.php\/wp-json\/wp\/v2\/media\/1486"}],"wp:attachment":[{"href":"https:\/\/infogandia.es\/index.php\/wp-json\/wp\/v2\/media?parent=1485"}],"wp:term":[{"taxonomy":"category","embeddable":true,"href":"https:\/\/infogandia.es\/index.php\/wp-json\/wp\/v2\/categories?post=1485"},{"taxonomy":"post_tag","embeddable":true,"href":"https:\/\/infogandia.es\/index.php\/wp-json\/wp\/v2\/tags?post=1485"}],"curies":[{"name":"wp","href":"https:\/\/api.w.org\/{rel}","templated":true}]}}