{"id":1509,"date":"2023-11-09T17:54:23","date_gmt":"2023-11-09T17:54:23","guid":{"rendered":"https:\/\/infogandia.es\/?p=1509"},"modified":"2023-11-09T17:54:24","modified_gmt":"2023-11-09T17:54:24","slug":"demolab-la-tienda-del-futuro-abre-sus-puertas","status":"publish","type":"post","link":"https:\/\/infogandia.es\/index.php\/2023\/11\/09\/demolab-la-tienda-del-futuro-abre-sus-puertas\/","title":{"rendered":"&#8216;Demolab: la tienda del futuro&#8217; abre sus puertas"},"content":{"rendered":"\n<p>El alcalde de Gandia, Jos\u00e9 Manuel Prieto, acompa\u00f1ado por la concejala de Econom\u00eda, Empresa y Empleo, Elena Moncho y la coordinadora de Desarrollo Local, Smart City y Proyectos Europeos, Paula Fayos, han visitado esta ma\u00f1ana las instalaciones de &#8216;Urbalab donde hoy ha comenzado la primera edici\u00f3n de &#8216;Demolab: la tienda del futuro&#8217;. En la jornada de apertura tambi\u00e9n participaron el presidente de la cooperativa de Comerciantes del Centro Hist\u00f3rico, Pedro Izquierdo y el director del Centro Servef de Empleo de Gand\u00eda, Enrique Siscar, adem\u00e1s de empresarios del sector comercial.<\/p>\n\n\n\n<p>Se trata de un proyecto financiado por la Conselleria de Innovaci\u00f3n, Comercio y Turismo de la Generalitat y el Ayuntamiento de Gandia que se celebra desde hoy y hasta el pr\u00f3ximo viernes y que tiene por objetivo dar a conocer las soluciones tecnol\u00f3gicas y digitales destinadas a mejorar el comercio local.<\/p>\n\n\n\n<p>Durante las tres jornadas, los asistentes podr\u00e1n gozar de un variado programa de encuentros, ponencias y talleres, que complementar\u00e1n la feria demostradora de tecnolog\u00eda. Las personas interesadas pueden consultar la programaci\u00f3n en https:\/\/labinnovaciocomercial.com\/demolab\/.<\/p>\n\n\n\n<p>Entre las conferencias previstas destaca la participaci\u00f3n de Marcos \u00c1lvarez, comerciante, economista y experto en Recursos Humanos, as\u00ed como las de Juan Antonio Cama\u00f1o, escritor y experto en ventas, y Susana Luna, experta en estrategia digital.<\/p>\n\n\n\n<p>Tras la visita, Prieto insisti\u00f3 en que las tecnolog\u00edas de la informaci\u00f3n y la innovaci\u00f3n son el futuro del tejido econ\u00f3mico en general y sobre todo del comercio. &#8220;Los asistentes podr\u00e1n conocer a 16 empresas que ofrecen sus soluciones para ayudar a empresas y aut\u00f3nomos a implantar sistemas innovadores en los negocios e implantar nuevos procesos de venta y comercializaci\u00f3n&#8221;.<\/p>\n","protected":false},"excerpt":{"rendered":"<p>&#8216;Demolab: la tienda del futuro&#8217; abre sus puertas.<\/p>\n","protected":false},"author":1,"featured_media":1510,"comment_status":"open","ping_status":"open","sticky":false,"template":"","format":"standard","meta":{"footnotes":""},"categories":[1],"tags":[68,30],"class_list":["post-1509","post","type-post","status-publish","format-standard","has-post-thumbnail","hentry","category-actualidad","tag-68","tag-gandia"],"_links":{"self":[{"href":"https:\/\/infogandia.es\/index.php\/wp-json\/wp\/v2\/posts\/1509","targetHints":{"allow":["GET"]}}],"collection":[{"href":"https:\/\/infogandia.es\/index.php\/wp-json\/wp\/v2\/posts"}],"about":[{"href":"https:\/\/infogandia.es\/index.php\/wp-json\/wp\/v2\/types\/post"}],"author":[{"embeddable":true,"href":"https:\/\/infogandia.es\/index.php\/wp-json\/wp\/v2\/users\/1"}],"replies":[{"embeddable":true,"href":"https:\/\/infogandia.es\/index.php\/wp-json\/wp\/v2\/comments?post=1509"}],"version-history":[{"count":1,"href":"https:\/\/infogandia.es\/index.php\/wp-json\/wp\/v2\/posts\/1509\/revisions"}],"predecessor-version":[{"id":1511,"href":"https:\/\/infogandia.es\/index.php\/wp-json\/wp\/v2\/posts\/1509\/revisions\/1511"}],"wp:featuredmedia":[{"embeddable":true,"href":"https:\/\/infogandia.es\/index.php\/wp-json\/wp\/v2\/media\/1510"}],"wp:attachment":[{"href":"https:\/\/infogandia.es\/index.php\/wp-json\/wp\/v2\/media?parent=1509"}],"wp:term":[{"taxonomy":"category","embeddable":true,"href":"https:\/\/infogandia.es\/index.php\/wp-json\/wp\/v2\/categories?post=1509"},{"taxonomy":"post_tag","embeddable":true,"href":"https:\/\/infogandia.es\/index.php\/wp-json\/wp\/v2\/tags?post=1509"}],"curies":[{"name":"wp","href":"https:\/\/api.w.org\/{rel}","templated":true}]}}