{"id":1512,"date":"2023-11-09T17:54:56","date_gmt":"2023-11-09T17:54:56","guid":{"rendered":"https:\/\/infogandia.es\/?p=1512"},"modified":"2023-11-09T17:54:56","modified_gmt":"2023-11-09T17:54:56","slug":"el-teatro-serrano-acoge-este-domingo-la-xii-campana-solidaria-adrian-orchilles","status":"publish","type":"post","link":"https:\/\/infogandia.es\/index.php\/2023\/11\/09\/el-teatro-serrano-acoge-este-domingo-la-xii-campana-solidaria-adrian-orchilles\/","title":{"rendered":"El Teatro Serrano acoge este domingo la XII Campa\u00f1a Solidaria Adri\u00e1n Orchilles"},"content":{"rendered":"\n<p>El Teatro Serrano acoger\u00e1 el pr\u00f3ximo domingo 12 de noviembre a partir de las 12:30 horas la XII Campa\u00f1a Solidaria Adri\u00e1n Orchilles.<br>Tal y como han explicado en rueda de prensa el presidente de la Junta de Distrito de Beniopa, Jes\u00fas Naveiro y N\u00faria Carb\u00f3, presidenta de la asociaci\u00f3n organizadora, la iniciativa consistir\u00e1 en la actuaci\u00f3n del monologuista Manu G\u00f3rriz y los beneficios ir\u00e1n destinados a ayudar a dos ni\u00f1os, Lucas y Hugo, que padecen enfermedades raras.<\/p>\n\n\n\n<p>Naveiro ha puesto en valor la solidaridad y la implicaci\u00f3n que siempre demuestra Beniopa. &#8220;Beniopa tiene identidad propia y sabe hacer frente a las adversidades. Es un pueblo participativo y que siempre aporta a las causas solidarias&#8221;.<\/p>\n\n\n\n<p>Por su parte, Carb\u00f3 ha explicado que &#8220;todo el dinero que recaudamos de las empresas colaboradoras y las entradas les daremos a las familias de estos dos ni\u00f1os para que puedan mejorar su calidad de vida y avanzar en la investigaci\u00f3n de sus enfermedades&#8221;.<\/p>\n\n\n\n<p>Las entradas se pueden adquirir llamando a los tel\u00e9fonos 653610804 (Juan) o al 685148559 (N\u00faria) o en la misma taquilla el d\u00eda de la actuaci\u00f3n. Tambi\u00e9n habr\u00e1 fila 0 para aquellas personas que no puedan asistir, pero quieran colaborar con&nbsp;la&nbsp;iniciativa.<\/p>\n","protected":false},"excerpt":{"rendered":"<p>El Teatro Serrano acoge este domingo la XII Campa\u00f1a Solidaria Adri\u00e1n Orchilles. <\/p>\n","protected":false},"author":1,"featured_media":1513,"comment_status":"open","ping_status":"open","sticky":false,"template":"","format":"standard","meta":{"footnotes":""},"categories":[1],"tags":[],"class_list":["post-1512","post","type-post","status-publish","format-standard","has-post-thumbnail","hentry","category-actualidad"],"_links":{"self":[{"href":"https:\/\/infogandia.es\/index.php\/wp-json\/wp\/v2\/posts\/1512","targetHints":{"allow":["GET"]}}],"collection":[{"href":"https:\/\/infogandia.es\/index.php\/wp-json\/wp\/v2\/posts"}],"about":[{"href":"https:\/\/infogandia.es\/index.php\/wp-json\/wp\/v2\/types\/post"}],"author":[{"embeddable":true,"href":"https:\/\/infogandia.es\/index.php\/wp-json\/wp\/v2\/users\/1"}],"replies":[{"embeddable":true,"href":"https:\/\/infogandia.es\/index.php\/wp-json\/wp\/v2\/comments?post=1512"}],"version-history":[{"count":1,"href":"https:\/\/infogandia.es\/index.php\/wp-json\/wp\/v2\/posts\/1512\/revisions"}],"predecessor-version":[{"id":1514,"href":"https:\/\/infogandia.es\/index.php\/wp-json\/wp\/v2\/posts\/1512\/revisions\/1514"}],"wp:featuredmedia":[{"embeddable":true,"href":"https:\/\/infogandia.es\/index.php\/wp-json\/wp\/v2\/media\/1513"}],"wp:attachment":[{"href":"https:\/\/infogandia.es\/index.php\/wp-json\/wp\/v2\/media?parent=1512"}],"wp:term":[{"taxonomy":"category","embeddable":true,"href":"https:\/\/infogandia.es\/index.php\/wp-json\/wp\/v2\/categories?post=1512"},{"taxonomy":"post_tag","embeddable":true,"href":"https:\/\/infogandia.es\/index.php\/wp-json\/wp\/v2\/tags?post=1512"}],"curies":[{"name":"wp","href":"https:\/\/api.w.org\/{rel}","templated":true}]}}