{"id":1521,"date":"2023-11-09T17:56:29","date_gmt":"2023-11-09T17:56:29","guid":{"rendered":"https:\/\/infogandia.es\/?p=1521"},"modified":"2023-11-09T17:56:29","modified_gmt":"2023-11-09T17:56:29","slug":"detenido-en-tavernes-de-la-valldigna-un-agresor-machista-que-tenia-armas-prohibidas-en-su-domicilio","status":"publish","type":"post","link":"https:\/\/infogandia.es\/index.php\/2023\/11\/09\/detenido-en-tavernes-de-la-valldigna-un-agresor-machista-que-tenia-armas-prohibidas-en-su-domicilio\/","title":{"rendered":"Detenido en Tavernes de la Valldigna un agresor machista que ten\u00eda armas prohibidas en su domicilio"},"content":{"rendered":"\n<p>El individuo, que ya fue arrestado en dos ocasiones anteriores, es un alem\u00e1n de 35 a\u00f1os, que agredi\u00f3 a dos guardia civiles y a posteriormente a su pareja tras la denuncia que ella le interpuso.Fruto de las manifestaciones vertidas por la v\u00edctima, en la que denunciaba un continuo maltrato f\u00edsico y psicol\u00f3gico, incluso con el empleo de armas, los agentes activaron un operativo para la localizaci\u00f3n y detenci\u00f3n del agresor.<\/p>\n\n\n\n<p>Como consecuencia de ello, la Guardia Civil, en colaboraci\u00f3n con la Polic\u00eda Local de Tavernes de la Valldigna, procedieron deterner al agresor, logrando intervenir en el domicilio que compart\u00eda con la v\u00edctima un aut\u00e9ntico arsenal de armas prohibidas, entre las que se aprehendieron una espada tipo katana, pu\u00f1ales, machetes, una pistola taser e incluso una granada tipo T2. Tras lo sucedido se le imputan los delitos de atentado contra agente de la autoridad y malos tratos en el \u00e1mbito&nbsp;familiar.<\/p>\n","protected":false},"excerpt":{"rendered":"<p>El individuo, que ya fue arrestado en dos ocasiones anteriores, es un alem\u00e1n de 35 a\u00f1os, que agredi\u00f3 a dos guardia civiles y a posteriormente a su pareja tras la denuncia que ella le interpuso.Fruto de las manifestaciones vertidas por la v\u00edctima, en la que denunciaba un continuo maltrato f\u00edsico y psicol\u00f3gico, incluso con el&#8230;<\/p>\n","protected":false},"author":1,"featured_media":1522,"comment_status":"open","ping_status":"open","sticky":false,"template":"","format":"standard","meta":{"footnotes":""},"categories":[1,27],"tags":[],"class_list":["post-1521","post","type-post","status-publish","format-standard","has-post-thumbnail","hentry","category-actualidad","category-sociedad"],"_links":{"self":[{"href":"https:\/\/infogandia.es\/index.php\/wp-json\/wp\/v2\/posts\/1521","targetHints":{"allow":["GET"]}}],"collection":[{"href":"https:\/\/infogandia.es\/index.php\/wp-json\/wp\/v2\/posts"}],"about":[{"href":"https:\/\/infogandia.es\/index.php\/wp-json\/wp\/v2\/types\/post"}],"author":[{"embeddable":true,"href":"https:\/\/infogandia.es\/index.php\/wp-json\/wp\/v2\/users\/1"}],"replies":[{"embeddable":true,"href":"https:\/\/infogandia.es\/index.php\/wp-json\/wp\/v2\/comments?post=1521"}],"version-history":[{"count":1,"href":"https:\/\/infogandia.es\/index.php\/wp-json\/wp\/v2\/posts\/1521\/revisions"}],"predecessor-version":[{"id":1523,"href":"https:\/\/infogandia.es\/index.php\/wp-json\/wp\/v2\/posts\/1521\/revisions\/1523"}],"wp:featuredmedia":[{"embeddable":true,"href":"https:\/\/infogandia.es\/index.php\/wp-json\/wp\/v2\/media\/1522"}],"wp:attachment":[{"href":"https:\/\/infogandia.es\/index.php\/wp-json\/wp\/v2\/media?parent=1521"}],"wp:term":[{"taxonomy":"category","embeddable":true,"href":"https:\/\/infogandia.es\/index.php\/wp-json\/wp\/v2\/categories?post=1521"},{"taxonomy":"post_tag","embeddable":true,"href":"https:\/\/infogandia.es\/index.php\/wp-json\/wp\/v2\/tags?post=1521"}],"curies":[{"name":"wp","href":"https:\/\/api.w.org\/{rel}","templated":true}]}}