{"id":1524,"date":"2023-11-09T17:56:56","date_gmt":"2023-11-09T17:56:56","guid":{"rendered":"https:\/\/infogandia.es\/?p=1524"},"modified":"2023-11-09T17:56:56","modified_gmt":"2023-11-09T17:56:56","slug":"gandia-abastecera-con-energia-solar-37-edificios-publicos","status":"publish","type":"post","link":"https:\/\/infogandia.es\/index.php\/2023\/11\/09\/gandia-abastecera-con-energia-solar-37-edificios-publicos\/","title":{"rendered":"Gandia abastecer\u00e1 con energ\u00eda solar 37 edificios p\u00fablicos"},"content":{"rendered":"\n<p>El Ayuntamiento de Gandia va a poner en marcha un ambicioso plan estrat\u00e9gico con el que busca, por una parte, conseguir un ahorro energ\u00e9tico y, por otra, reducir las emisiones de CO2. Se destinar\u00e1 una partida de 750.000 euros, una inversi\u00f3n que, seg\u00fan el estudio, se podr\u00e1 recuperar en un plazo de solo seis a\u00f1os, ya que los excedentes de producci\u00f3n el\u00e9ctrica que no se utilicen para el consumo de los edificios p\u00fablicos de Gandia se inyectar\u00e1n a la red y se vender\u00e1 para consumo por parte de externos.Con este proyecto, el ayuntamiento prev\u00e9 conseguir un ahorro de 147.460 euros al a\u00f1o en la factura el\u00e9ctrica, adem\u00e1s de una importante reducci\u00f3n de las emisiones de CO2 de 170 toneladas anuales, 3.237 durante el per\u00edodo de vida de las placas.Los espacios en los que se instalar\u00e1n las placas y, por tanto, se convertir\u00e1n en productores de energ\u00eda, son los colegios Bot\u00e0nic Cavanilles, Ro\u00eds de Corella y el Enric Valor, la central de la Policia local; Poliesportiu y los centros sociales del Raval y Corea en la ciudad, adem\u00e1s del CEIP Joan XXIII y la \u00abescoleta\u00bb infantil municipal de Les Alqueries en el distrito del Grau. Desde estos se abastecer\u00e1, adem\u00e1s, a espacios como los colegios de infantil y primaria Joan Martorell, Sant Francesc de Borja, Cervantes, Mond\u00faver, las \u00abescoletas\u00bb de Santa Anna y Corea, la de la escuela e m\u00fasica, el MAGa, el Centre C\u00edvic Ro\u00eds de Corella, la piscina de Beniopa, el polideportivo del Raval, el Centre Internacional de la Universitat de Val\u00e8ncia, aparcamientos del Centre Hist\u00f2ric y del Prado, el Mercat municipal, Urbalab; Ayuntamiento, Biblioteca Central, Teatre Serrano, Casa de la Marquesa, piscina del Grau, Cdt\/Aula Natura, \u00abescoleta\u00bb infantil del Grau y las oficinas municipales del distrito\u00a0mar\u00edtimo.<\/p>\n","protected":false},"excerpt":{"rendered":"<p>El Ayuntamiento de Gandia va a poner en marcha un ambicioso plan estrat\u00e9gico con el que busca, por una parte, conseguir un ahorro energ\u00e9tico y, por otra, reducir las emisiones de CO2. Se destinar\u00e1 una partida de 750.000 euros, una inversi\u00f3n que, seg\u00fan el estudio, se podr\u00e1 recuperar en un plazo de solo seis a\u00f1os,&#8230;<\/p>\n","protected":false},"author":1,"featured_media":1525,"comment_status":"open","ping_status":"open","sticky":false,"template":"","format":"standard","meta":{"footnotes":""},"categories":[1],"tags":[],"class_list":["post-1524","post","type-post","status-publish","format-standard","has-post-thumbnail","hentry","category-actualidad"],"_links":{"self":[{"href":"https:\/\/infogandia.es\/index.php\/wp-json\/wp\/v2\/posts\/1524","targetHints":{"allow":["GET"]}}],"collection":[{"href":"https:\/\/infogandia.es\/index.php\/wp-json\/wp\/v2\/posts"}],"about":[{"href":"https:\/\/infogandia.es\/index.php\/wp-json\/wp\/v2\/types\/post"}],"author":[{"embeddable":true,"href":"https:\/\/infogandia.es\/index.php\/wp-json\/wp\/v2\/users\/1"}],"replies":[{"embeddable":true,"href":"https:\/\/infogandia.es\/index.php\/wp-json\/wp\/v2\/comments?post=1524"}],"version-history":[{"count":1,"href":"https:\/\/infogandia.es\/index.php\/wp-json\/wp\/v2\/posts\/1524\/revisions"}],"predecessor-version":[{"id":1526,"href":"https:\/\/infogandia.es\/index.php\/wp-json\/wp\/v2\/posts\/1524\/revisions\/1526"}],"wp:featuredmedia":[{"embeddable":true,"href":"https:\/\/infogandia.es\/index.php\/wp-json\/wp\/v2\/media\/1525"}],"wp:attachment":[{"href":"https:\/\/infogandia.es\/index.php\/wp-json\/wp\/v2\/media?parent=1524"}],"wp:term":[{"taxonomy":"category","embeddable":true,"href":"https:\/\/infogandia.es\/index.php\/wp-json\/wp\/v2\/categories?post=1524"},{"taxonomy":"post_tag","embeddable":true,"href":"https:\/\/infogandia.es\/index.php\/wp-json\/wp\/v2\/tags?post=1524"}],"curies":[{"name":"wp","href":"https:\/\/api.w.org\/{rel}","templated":true}]}}