{"id":1664,"date":"2023-11-14T16:33:33","date_gmt":"2023-11-14T16:33:33","guid":{"rendered":"https:\/\/infogandia.es\/?p=1664"},"modified":"2023-11-14T16:33:33","modified_gmt":"2023-11-14T16:33:33","slug":"la-diputacio-de-valencia-ayudara-a-valorar-y-reparar-los-danos-en-cultivos-y-regadio-del-incendio-de-montitxelvo","status":"publish","type":"post","link":"https:\/\/infogandia.es\/index.php\/2023\/11\/14\/la-diputacio-de-valencia-ayudara-a-valorar-y-reparar-los-danos-en-cultivos-y-regadio-del-incendio-de-montitxelvo\/","title":{"rendered":"La Diputaci\u00f3 de Val\u00e8ncia ayudar\u00e1 a valorar y reparar los da\u00f1os en cultivos y regad\u00edo del incendio de Montitxelvo"},"content":{"rendered":"\n<p>El presidente de la Diputaci\u00f3 de Val\u00e8ncia, Vicent Momp\u00f3, ha asegurado este viernes en Montitxelvo, donde se declar\u00f3 el incendio que ha afectado a una decena de municipios de La Vall d\u2019Albaida y La Safor, que la instituci\u00f3n que dirige \u201cllegar\u00e1 donde no lo hagan otras administraciones para paliar los da\u00f1os causados por el fuego en nuestros montes\u201d. Momp\u00f3, acompa\u00f1ado por la vicepresidenta primera, Nat\u00e0lia Enguix, y el responsable del Consorcio Provincial de Bomberos y las brigadas de la Diputaci\u00f3n, Avelino Mascarell, ha visitado la zona donde se inici\u00f3 el fuego y a continuaci\u00f3n se ha reunido con los alcaldes y alcaldesas de las localidades afectadas para valorar los da\u00f1os y escuchar sus necesidades.<\/p>\n\n\n\n<p>En este sentido, el presidente Momp\u00f3 ha se\u00f1alado que la instituci\u00f3n \u201cse ha puesto a disposici\u00f3n de los municipios afectados para lo que necesiten, como es valorar y reparar los da\u00f1os que han sufrido los agricultores y los sistemas de regad\u00edo\u201d. Por parte de la Diputaci\u00f3n, \u201cactivaremos un fondo de ayudas que cubrir\u00e1 todas las necesidades que nos trasladen los alcaldes, una vez se hayan valorado los da\u00f1os y se vaya cumpliendo el protocolo de actuaci\u00f3n de cada administraci\u00f3n\u201d. Momp\u00f3 ha explicado que \u201cse estudiar\u00e1 individualmente la situaci\u00f3n de cada municipio y trataremos de desburocratizar el proceso para que las ayudas lleguen lo antes posible, teniendo en cuenta que la mayor\u00eda de estos municipios viven de la agricultura y los recursos naturales\u201d.<br>En este sentido, el presidente Momp\u00f3 ha se\u00f1alado que la instituci\u00f3n \u201cse ha puesto a disposici\u00f3n de los municipios afectados para lo que necesiten, como es valorar y reparar los da\u00f1os que han sufrido los agricultores y los sistemas de regad\u00edo\u201d. Por parte de la Diputaci\u00f3n, \u201cactivaremos un fondo de ayudas que cubrir\u00e1 todas las necesidades que nos trasladen los alcaldes, una vez se hayan valorado los da\u00f1os y se vaya cumpliendo el protocolo de actuaci\u00f3n de cada administraci\u00f3n\u201d. Momp\u00f3 ha explicado que \u201cse estudiar\u00e1 individualmente la situaci\u00f3n de cada municipio y trataremos de desburocratizar el proceso para que las ayudas lleguen lo antes posible, teniendo en cuenta que la mayor\u00eda de estos municipios viven de la agricultura y los recursos naturales\u201d.<\/p>\n\n\n\n<p>Por su parte, la vicepresidenta primera, Natalia Enguix, ha recordado que \u201cla superficie quemada supera las 2.500 hect\u00e1reas y tenemos que hacer frente a la crisis ambiental, aunque tan importante como paliar los da\u00f1os va a ser seguir trabajando en las tareas de prevenci\u00f3n y limpieza de nuestros montes, para evitar cat\u00e1strofes naturales como la que ha afectado a las comarcas de La Vall y La Safor\u201d. Enguix ha valorado la reuni\u00f3n como \u201cmuy constructiva, ya que se trataba de salir de aqu\u00ed con las ideas claras de lo que hay que hacer\u201d, y ha asegurado que \u201ctanto el presidente como yo tenemos claro lo que nos han pedido, caso de las ayudas agr\u00edcolas que dimos hace seis a\u00f1os con motivo del anterior incendio, y que haremos lo que est\u00e9 a nuestro alcance para que la zona afectada se recupere lo&nbsp;antes&nbsp;posible\u201d.<\/p>\n","protected":false},"excerpt":{"rendered":"<p>La Diputaci\u00f3 de Val\u00e8ncia ayudar\u00e1 a valorar y reparar los da\u00f1os en cultivos y regad\u00edo del incendio de Montitxelvo.<\/p>\n","protected":false},"author":1,"featured_media":1665,"comment_status":"open","ping_status":"open","sticky":false,"template":"","format":"standard","meta":{"footnotes":""},"categories":[1,6,27],"tags":[],"class_list":["post-1664","post","type-post","status-publish","format-standard","has-post-thumbnail","hentry","category-actualidad","category-economia","category-sociedad"],"_links":{"self":[{"href":"https:\/\/infogandia.es\/index.php\/wp-json\/wp\/v2\/posts\/1664","targetHints":{"allow":["GET"]}}],"collection":[{"href":"https:\/\/infogandia.es\/index.php\/wp-json\/wp\/v2\/posts"}],"about":[{"href":"https:\/\/infogandia.es\/index.php\/wp-json\/wp\/v2\/types\/post"}],"author":[{"embeddable":true,"href":"https:\/\/infogandia.es\/index.php\/wp-json\/wp\/v2\/users\/1"}],"replies":[{"embeddable":true,"href":"https:\/\/infogandia.es\/index.php\/wp-json\/wp\/v2\/comments?post=1664"}],"version-history":[{"count":1,"href":"https:\/\/infogandia.es\/index.php\/wp-json\/wp\/v2\/posts\/1664\/revisions"}],"predecessor-version":[{"id":1666,"href":"https:\/\/infogandia.es\/index.php\/wp-json\/wp\/v2\/posts\/1664\/revisions\/1666"}],"wp:featuredmedia":[{"embeddable":true,"href":"https:\/\/infogandia.es\/index.php\/wp-json\/wp\/v2\/media\/1665"}],"wp:attachment":[{"href":"https:\/\/infogandia.es\/index.php\/wp-json\/wp\/v2\/media?parent=1664"}],"wp:term":[{"taxonomy":"category","embeddable":true,"href":"https:\/\/infogandia.es\/index.php\/wp-json\/wp\/v2\/categories?post=1664"},{"taxonomy":"post_tag","embeddable":true,"href":"https:\/\/infogandia.es\/index.php\/wp-json\/wp\/v2\/tags?post=1664"}],"curies":[{"name":"wp","href":"https:\/\/api.w.org\/{rel}","templated":true}]}}