{"id":1697,"date":"2023-11-15T19:32:30","date_gmt":"2023-11-15T19:32:30","guid":{"rendered":"https:\/\/infogandia.es\/?p=1697"},"modified":"2023-11-15T19:32:31","modified_gmt":"2023-11-15T19:32:31","slug":"incendio-en-la-zona-de-santa-ana-de-gandia","status":"publish","type":"post","link":"https:\/\/infogandia.es\/index.php\/2023\/11\/15\/incendio-en-la-zona-de-santa-ana-de-gandia\/","title":{"rendered":"Incendio en la zona de Santa Ana de Gandia"},"content":{"rendered":"\n<p>La centralita del 112 recib\u00eda hasta seis comunicaciones de la detecci\u00f3n de un incendio del tipo vegetaci\u00f3n-forestal en la zona de la Ermita de Santa Anna a las 23.49 horas. Los motivos de que el incidente se produjera son principalmente el viento y el calor inapropiado para la \u00e9poca del a\u00f1o en el que nos encontramos.Mientras muchos se preguntaban de d\u00f3nde ven\u00edan las llamas que se ve\u00edan en la zona de Oliva y que realmente eran de Rafol de Algimia y Benimeli y que amenazaban con pasar a Pego y La Font d&#8217;en Carr\u00f2s, otro individuo se dedicaba a sembrar de nuevo el p\u00e1nico en la Safor.La r\u00e1pida intervenci\u00f3n de los efectivos del Consorcio de Bomberos de Val\u00e8ncia con veh\u00edculos y personal adscrito a los parques de Gandia y de Oliva acud\u00edan al lugar a las 23.51 horas con tres dotaciones, un sargento del Parque de Gandia y una unidad de Bomberos Forestales de la Generalitat Valenciana.<\/p>\n\n\n\n<p>El fuego qued\u00f3 controlado, a la 01.26 horas y los \u00faltimos efectivos se retiraban cerca de las 3 de la madrugada&nbsp;de&nbsp;hoy.<\/p>\n","protected":false},"excerpt":{"rendered":"<p>Incendio en la zona de Santa Ana de Gandia<\/p>\n","protected":false},"author":1,"featured_media":1698,"comment_status":"open","ping_status":"open","sticky":false,"template":"","format":"standard","meta":{"footnotes":""},"categories":[1],"tags":[30],"class_list":["post-1697","post","type-post","status-publish","format-standard","has-post-thumbnail","hentry","category-actualidad","tag-gandia"],"_links":{"self":[{"href":"https:\/\/infogandia.es\/index.php\/wp-json\/wp\/v2\/posts\/1697","targetHints":{"allow":["GET"]}}],"collection":[{"href":"https:\/\/infogandia.es\/index.php\/wp-json\/wp\/v2\/posts"}],"about":[{"href":"https:\/\/infogandia.es\/index.php\/wp-json\/wp\/v2\/types\/post"}],"author":[{"embeddable":true,"href":"https:\/\/infogandia.es\/index.php\/wp-json\/wp\/v2\/users\/1"}],"replies":[{"embeddable":true,"href":"https:\/\/infogandia.es\/index.php\/wp-json\/wp\/v2\/comments?post=1697"}],"version-history":[{"count":1,"href":"https:\/\/infogandia.es\/index.php\/wp-json\/wp\/v2\/posts\/1697\/revisions"}],"predecessor-version":[{"id":1699,"href":"https:\/\/infogandia.es\/index.php\/wp-json\/wp\/v2\/posts\/1697\/revisions\/1699"}],"wp:featuredmedia":[{"embeddable":true,"href":"https:\/\/infogandia.es\/index.php\/wp-json\/wp\/v2\/media\/1698"}],"wp:attachment":[{"href":"https:\/\/infogandia.es\/index.php\/wp-json\/wp\/v2\/media?parent=1697"}],"wp:term":[{"taxonomy":"category","embeddable":true,"href":"https:\/\/infogandia.es\/index.php\/wp-json\/wp\/v2\/categories?post=1697"},{"taxonomy":"post_tag","embeddable":true,"href":"https:\/\/infogandia.es\/index.php\/wp-json\/wp\/v2\/tags?post=1697"}],"curies":[{"name":"wp","href":"https:\/\/api.w.org\/{rel}","templated":true}]}}