{"id":1700,"date":"2023-11-15T19:33:16","date_gmt":"2023-11-15T19:33:16","guid":{"rendered":"https:\/\/infogandia.es\/?p=1700"},"modified":"2023-11-15T19:33:16","modified_gmt":"2023-11-15T19:33:16","slug":"el-pp-de-gandia-molesto-tras-no-haber-sido-invitados-al-acto-de-inauguracion-de-la-placa-de-lalmadrava-en-el-grau","status":"publish","type":"post","link":"https:\/\/infogandia.es\/index.php\/2023\/11\/15\/el-pp-de-gandia-molesto-tras-no-haber-sido-invitados-al-acto-de-inauguracion-de-la-placa-de-lalmadrava-en-el-grau\/","title":{"rendered":"El PP de Gandia molesto tras no haber sido invitados al acto de inauguraci\u00f3n de la Pla\u00e7a de l\u2019almadrava en el Grau"},"content":{"rendered":"\n<p>El Grupo Municipal del Partido Popular de Gandia quiere mostrar de nuevo su indignaci\u00f3n por el uso partidista que hace el Alcalde Prieto de los recursos de todos los gandienes. Esta misma ma\u00f1ana se ha celebrado la inauguraci\u00f3n de la \u201cPla\u00e7a de l\u2019Almadrava\u201d, en el Grau, en medio de un absoluto secretismo sin invitar, ni siquiera dar aviso, al Grupo Municipal Popular .<\/p>\n\n\n\n<p>Este acto refleja una vez m\u00e1s la actitud de autopromoci\u00f3n y la utilizaci\u00f3n de recursos p\u00fablicos para beneficio del alcalde Prieto, obviando y despreciando a miles de gandienses que votaron al Partido Popular y cuyos elevados impuestos han contribuido a la construcci\u00f3n de esta plaza. Al mismo tiempo se ningunea, una vez m\u00e1s, a la oposici\u00f3n.<\/p>\n\n\n\n<p>Los populares han querido recordar que en el pleno correspondiente, su voto favorable apoy\u00f3 la construcci\u00f3n de esta plaza, en un entorno que el partido socialista ha tenido abandonado durante demasiados a\u00f1os.<\/p>\n\n\n\n<p>\u201cEs lamentable que nos hayamos tenido que enterar a trav\u00e9s de los medios de comunicaci\u00f3n de la inauguraci\u00f3n de esta plaza. Nos hubiera encantado estar al lado de los vecinos del Grau en un d\u00eda en el que por fin se ven atendidas, al menos una parte de sus demandas, con la construcci\u00f3n de esta plaza en un lugar que estado abandonado por los socialistas durante demasiado tiempo\u201d, ha afirmado la n\u00famero siete de los populares,&nbsp;Aina&nbsp;Borred\u00e0.<\/p>\n","protected":false},"excerpt":{"rendered":"<p>El PP de Gandia molesto tras no haber sido invitados al acto de inauguraci\u00f3n de la Pla\u00e7a de l\u2019almadrava en el Grau.<\/p>\n","protected":false},"author":1,"featured_media":1701,"comment_status":"open","ping_status":"open","sticky":false,"template":"","format":"standard","meta":{"footnotes":""},"categories":[1],"tags":[],"class_list":["post-1700","post","type-post","status-publish","format-standard","has-post-thumbnail","hentry","category-actualidad"],"_links":{"self":[{"href":"https:\/\/infogandia.es\/index.php\/wp-json\/wp\/v2\/posts\/1700","targetHints":{"allow":["GET"]}}],"collection":[{"href":"https:\/\/infogandia.es\/index.php\/wp-json\/wp\/v2\/posts"}],"about":[{"href":"https:\/\/infogandia.es\/index.php\/wp-json\/wp\/v2\/types\/post"}],"author":[{"embeddable":true,"href":"https:\/\/infogandia.es\/index.php\/wp-json\/wp\/v2\/users\/1"}],"replies":[{"embeddable":true,"href":"https:\/\/infogandia.es\/index.php\/wp-json\/wp\/v2\/comments?post=1700"}],"version-history":[{"count":1,"href":"https:\/\/infogandia.es\/index.php\/wp-json\/wp\/v2\/posts\/1700\/revisions"}],"predecessor-version":[{"id":1702,"href":"https:\/\/infogandia.es\/index.php\/wp-json\/wp\/v2\/posts\/1700\/revisions\/1702"}],"wp:featuredmedia":[{"embeddable":true,"href":"https:\/\/infogandia.es\/index.php\/wp-json\/wp\/v2\/media\/1701"}],"wp:attachment":[{"href":"https:\/\/infogandia.es\/index.php\/wp-json\/wp\/v2\/media?parent=1700"}],"wp:term":[{"taxonomy":"category","embeddable":true,"href":"https:\/\/infogandia.es\/index.php\/wp-json\/wp\/v2\/categories?post=1700"},{"taxonomy":"post_tag","embeddable":true,"href":"https:\/\/infogandia.es\/index.php\/wp-json\/wp\/v2\/tags?post=1700"}],"curies":[{"name":"wp","href":"https:\/\/api.w.org\/{rel}","templated":true}]}}