{"id":1709,"date":"2023-11-15T19:35:57","date_gmt":"2023-11-15T19:35:57","guid":{"rendered":"https:\/\/infogandia.es\/?p=1709"},"modified":"2023-11-15T19:35:57","modified_gmt":"2023-11-15T19:35:57","slug":"gandia-consolida-su-apuesta-por-la-instalacion-de-placas-solares-y-el-ahorro-energetico","status":"publish","type":"post","link":"https:\/\/infogandia.es\/index.php\/2023\/11\/15\/gandia-consolida-su-apuesta-por-la-instalacion-de-placas-solares-y-el-ahorro-energetico\/","title":{"rendered":"Gandia consolida su apuesta por la instalaci\u00f3n de placas solares y el ahorro energ\u00e9tico"},"content":{"rendered":"\n<p>El alcalde de Gand\u00eda, Jos\u00e9 Manuel Prieto; el concejal delegado de Urbanismo, Vicent Mascarell; la edil delegada de Medio Ambiente, Alicia Izquierdo; y el concejal Salvador Gregori, responsable de Inversiones, han visitado el edificio del Tirant y el del Urbalab, donde se han instalado las placas fotovoltaicas anunciadas en su d\u00eda dentro de la estrategia municipal para combatir los efectos del cambio clim\u00e1tico. El gobierno municipal iniciar\u00e1 en pocos d\u00edas una nueva instalaci\u00f3n y ultima este tipo de infraestructuras en otros once inmuebles de la ciudad.<\/p>\n\n\n\n<p>En cuanto a las instalaciones de la plaza Tirant y el Urbalab, forman parte del primer Plan Estrat\u00e9gico Energ\u00e9tico y de Reducci\u00f3n de Emisi\u00f3n de CO\u2082 y, juntas, conseguir\u00e1n generar m\u00e1s de 161.845 kW\/hora al a\u00f1o y ahorrar m\u00e1s de 25.000\u20ac anuales en la factura el\u00e9ctrica del Ayuntamiento.<\/p>\n\n\n\n<p>El pr\u00f3ximo edificio al sumarse a esta medida ser\u00e1 el del Mercado, que se convertir\u00e1 en la mayor instalaci\u00f3n dentro de la iniciativa y supondr\u00e1 la generaci\u00f3n de 172.496 kW\/hora al a\u00f1o, permitiendo un ahorro anual de aproximadamente 30.000\u20ac cada a\u00f1o para la ciudad. En total estas tres instalaciones reducir\u00e1n en torno a 55.000 euros al a\u00f1o la factura energ\u00e9tica municipal.<\/p>\n\n\n\n<p>Paralelamente, y tal y como ha anunciado el alcalde tras la visita a las instalaciones, se publicar\u00e1 pr\u00f3ximamente la licitaci\u00f3n de un nuevo proyecto que implicar\u00e1 la instalaci\u00f3n de placas solares en once nuevos edificios municipales entre ellos ha el CEIP Bot\u00e1nico, CEIP Ro\u00eds de Corella, CEE Enric Valor, la central de la Polic\u00eda local, el polideportivo y los centros sociales del Raval y Corea, adem\u00e1s de otros cuatro del Grao y la playa (CEIP Juan XXIII, Escuela Infantil Municipal de las Alquer\u00edas, etc.).<\/p>\n\n\n\n<p>Con una inversi\u00f3n de 750.000 euros, el plan convertir\u00e1 a Gandia en una ciudad pionera en la lucha contra el cambio clim\u00e1tico dentro del territorio valenciano mediante la reducci\u00f3n de 170 toneladas anuales de CO\u2082 a lo largo de toda la vida \u00fatil de las placas, que oscila entre los 20 y 25 a\u00f1os. Una vez se adjudique el proyecto, la previsi\u00f3n es que se ejecute en un per\u00edodo no superior a cinco meses.<\/p>\n\n\n\n<p>Estas instalaciones tambi\u00e9n beneficiar\u00e1n a otros 26 edificios p\u00fablicos de la localidad, ya que la energ\u00eda solar sobrante de los inmuebles productores se repartir\u00e1 entre los dem\u00e1s, y el resto se vender\u00e1 raz\u00f3n por la que el consistorio espera reducir a\u00fan m\u00e1s la factura&nbsp;el\u00e9ctrica.<\/p>\n","protected":false},"excerpt":{"rendered":"<p>Gandia consolida su apuesta por la instalaci\u00f3n de placas solares y el ahorro energ\u00e9tico.<\/p>\n","protected":false},"author":1,"featured_media":1710,"comment_status":"open","ping_status":"open","sticky":false,"template":"","format":"standard","meta":{"footnotes":""},"categories":[1],"tags":[],"class_list":["post-1709","post","type-post","status-publish","format-standard","has-post-thumbnail","hentry","category-actualidad"],"_links":{"self":[{"href":"https:\/\/infogandia.es\/index.php\/wp-json\/wp\/v2\/posts\/1709","targetHints":{"allow":["GET"]}}],"collection":[{"href":"https:\/\/infogandia.es\/index.php\/wp-json\/wp\/v2\/posts"}],"about":[{"href":"https:\/\/infogandia.es\/index.php\/wp-json\/wp\/v2\/types\/post"}],"author":[{"embeddable":true,"href":"https:\/\/infogandia.es\/index.php\/wp-json\/wp\/v2\/users\/1"}],"replies":[{"embeddable":true,"href":"https:\/\/infogandia.es\/index.php\/wp-json\/wp\/v2\/comments?post=1709"}],"version-history":[{"count":1,"href":"https:\/\/infogandia.es\/index.php\/wp-json\/wp\/v2\/posts\/1709\/revisions"}],"predecessor-version":[{"id":1711,"href":"https:\/\/infogandia.es\/index.php\/wp-json\/wp\/v2\/posts\/1709\/revisions\/1711"}],"wp:featuredmedia":[{"embeddable":true,"href":"https:\/\/infogandia.es\/index.php\/wp-json\/wp\/v2\/media\/1710"}],"wp:attachment":[{"href":"https:\/\/infogandia.es\/index.php\/wp-json\/wp\/v2\/media?parent=1709"}],"wp:term":[{"taxonomy":"category","embeddable":true,"href":"https:\/\/infogandia.es\/index.php\/wp-json\/wp\/v2\/categories?post=1709"},{"taxonomy":"post_tag","embeddable":true,"href":"https:\/\/infogandia.es\/index.php\/wp-json\/wp\/v2\/tags?post=1709"}],"curies":[{"name":"wp","href":"https:\/\/api.w.org\/{rel}","templated":true}]}}