{"id":1712,"date":"2023-11-15T19:37:08","date_gmt":"2023-11-15T19:37:08","guid":{"rendered":"https:\/\/infogandia.es\/?p=1712"},"modified":"2023-11-15T19:37:08","modified_gmt":"2023-11-15T19:37:08","slug":"arranca-la-nueva-edicion-del-programa-activa-jove","status":"publish","type":"post","link":"https:\/\/infogandia.es\/index.php\/2023\/11\/15\/arranca-la-nueva-edicion-del-programa-activa-jove\/","title":{"rendered":"Arranca la nueva edici\u00f3n del programa &#8220;Activa Jove&#8221;"},"content":{"rendered":"\n<p>La concejala delegada de Bienestar Social, Inma Rodr\u00edguez, y la t\u00e9cnica de Animaci\u00f3n Sociocultural del Departamento de Juventud municipal, Carmela Mi\u00f1ana, presentaron hoy la nueva edici\u00f3n de &#8216;Activa Jove&#8217;, un programa del Ayuntamiento de Gandia y el Consell dels J\u00f3venes destinados a la poblaci\u00f3n local de entre 12 y 30 a\u00f1os.<\/p>\n\n\n\n<p>La iniciativa arrancar\u00e1 este s\u00e1bado 18 con un &#8216;F\u00f2rum Jove&#8217; que se celebrar\u00e1 en la Casa de la Marquesa de 17.30 a 22 horas, e incluir\u00e1 un taller de risoterapia y merienda para todos los asistentes. El resto de actividades del programa ser\u00e1n en el Espai Jove Gandia, situado en la plaza del Tirant.<\/p>\n\n\n\n<p>Para el 25 de noviembre, D\u00eda Internacional de la Eliminaci\u00f3n de la Violencia contra la Mujer, se ha preparado una jornada completa con un escape room, un taller de maquillaje fantas\u00eda y un mural participativo. El evento ser\u00e1 de 16 a 21 horas y tambi\u00e9n contar\u00e1 con un punto violeta al que la gente podr\u00e1 acudir en busca de informaci\u00f3n.<\/p>\n\n\n\n<p>El s\u00e1bado 2 de diciembre de 17 a 21 horas habr\u00e1 un taller de BeatBox que impartir\u00e1 la campeona nacional Julia Forner y, en el mismo horario, el siguiente fin de semana pondr\u00e1 el punto y final al a\u00f1o con un taller de c\u00f3cteles sin alcohol y otro de decoraci\u00f3n de camisetas.<\/p>\n\n\n\n<p>Respecto al precio, todas las actividades son gratuitas y no requieren inscripci\u00f3n previa. Para m\u00e1s informaci\u00f3n, se puede consultar el perfil de instagram del Departamento de Juventud del Ayuntamiento (@espaijovegandia), enviar un correo a espaijove@gandia.org o llamar al tel\u00e9fono 962959525.<\/p>\n\n\n\n<p>La concejala ha recordado que la iniciativa tiene como objetivo &#8220;ofrecer a la juventud de la zona alternativas de ocio saludable durante los fines de semana&#8221;.<\/p>\n\n\n\n<p>Adem\u00e1s, ha explicado que, en esta ocasi\u00f3n, se ha querido &#8220;poner como punto de referencia la plaza del Tirant&#8221; porque, por un lado, &#8220;se busca dar a conocer, tanto el espacio, como los recursos ofrecidos \u201d y, por otra, \u201ces un lugar en el que la juventud gandiense suele reunirse por las tardes\u201d.<\/p>\n\n\n\n<p>Por \u00faltimo, tanto Rodr\u00edguez como Mi\u00f1ana, han animado a la gente a \u201caprovechar la ocasi\u00f3n para disfrutar de estas actividades&nbsp;sin&nbsp;coste\u201d.<\/p>\n","protected":false},"excerpt":{"rendered":"<p>Arranca la nueva edici\u00f3n del programa &#8220;Activa Jove&#8221;. <\/p>\n","protected":false},"author":1,"featured_media":1713,"comment_status":"open","ping_status":"open","sticky":false,"template":"","format":"standard","meta":{"footnotes":""},"categories":[1],"tags":[],"class_list":["post-1712","post","type-post","status-publish","format-standard","has-post-thumbnail","hentry","category-actualidad"],"_links":{"self":[{"href":"https:\/\/infogandia.es\/index.php\/wp-json\/wp\/v2\/posts\/1712","targetHints":{"allow":["GET"]}}],"collection":[{"href":"https:\/\/infogandia.es\/index.php\/wp-json\/wp\/v2\/posts"}],"about":[{"href":"https:\/\/infogandia.es\/index.php\/wp-json\/wp\/v2\/types\/post"}],"author":[{"embeddable":true,"href":"https:\/\/infogandia.es\/index.php\/wp-json\/wp\/v2\/users\/1"}],"replies":[{"embeddable":true,"href":"https:\/\/infogandia.es\/index.php\/wp-json\/wp\/v2\/comments?post=1712"}],"version-history":[{"count":1,"href":"https:\/\/infogandia.es\/index.php\/wp-json\/wp\/v2\/posts\/1712\/revisions"}],"predecessor-version":[{"id":1714,"href":"https:\/\/infogandia.es\/index.php\/wp-json\/wp\/v2\/posts\/1712\/revisions\/1714"}],"wp:featuredmedia":[{"embeddable":true,"href":"https:\/\/infogandia.es\/index.php\/wp-json\/wp\/v2\/media\/1713"}],"wp:attachment":[{"href":"https:\/\/infogandia.es\/index.php\/wp-json\/wp\/v2\/media?parent=1712"}],"wp:term":[{"taxonomy":"category","embeddable":true,"href":"https:\/\/infogandia.es\/index.php\/wp-json\/wp\/v2\/categories?post=1712"},{"taxonomy":"post_tag","embeddable":true,"href":"https:\/\/infogandia.es\/index.php\/wp-json\/wp\/v2\/tags?post=1712"}],"curies":[{"name":"wp","href":"https:\/\/api.w.org\/{rel}","templated":true}]}}