{"id":1715,"date":"2023-11-16T11:10:50","date_gmt":"2023-11-16T11:10:50","guid":{"rendered":"https:\/\/infogandia.es\/?p=1715"},"modified":"2023-11-16T11:10:50","modified_gmt":"2023-11-16T11:10:50","slug":"hyundai-autoalmenar-inaugura-sus-instalaciones-en-gandia-y-denia","status":"publish","type":"post","link":"https:\/\/infogandia.es\/index.php\/2023\/11\/16\/hyundai-autoalmenar-inaugura-sus-instalaciones-en-gandia-y-denia\/","title":{"rendered":"Hyundai Autoalmenar inaugura sus instalaciones en Gandia y Denia."},"content":{"rendered":"\n<figure class=\"wp-block-video\"><video height=\"1080\" style=\"aspect-ratio: 1920 \/ 1080;\" width=\"1920\" controls src=\"https:\/\/infogandia.es\/wp-content\/uploads\/2023\/11\/PARLAMENTO-.mp4\"><\/video><\/figure>\n\n\n\n<p>La jornada del 14 de noviembre, marc\u00f3 un hito importante en la estrategia de crecimiento de Almenar con la inauguraci\u00f3n de los nuevos concesionarios de Hyundai en Gand\u00eda y Denia bajo el nombre Autoalmenar, que suman m\u00e1s de 1.200m2. La apertura de estas instalaciones refleja la alianza estrat\u00e9gica de Almenar con Hyundai, una marca l\u00edder en la industria automotriz conocida por su innovaci\u00f3n y tecnolog\u00edas avanzadas.<\/p>\n\n\n\n<figure class=\"wp-block-video\"><video height=\"1080\" style=\"aspect-ratio: 1920 \/ 1080;\" width=\"1920\" controls src=\"https:\/\/infogandia.es\/wp-content\/uploads\/2023\/11\/PARLAMENTO-RICARD-CAMARENA.mp4\"><\/video><\/figure>\n\n\n\n<p><br>En el acto de inauguraci\u00f3n se cont\u00f3 con la presencia destacada del Alcalde de Gand\u00eda, Jose Manuel Prieto, quien elogi\u00f3 la contribuci\u00f3n de empresas como Autoalmenar que generan riqueza y empleo en la ciudad. <\/p>\n\n\n\n<figure class=\"wp-block-video\"><video height=\"1080\" style=\"aspect-ratio: 1920 \/ 1080;\" width=\"1920\" controls src=\"https:\/\/infogandia.es\/wp-content\/uploads\/2023\/11\/PARLAMENTO-JOSE-MANUEL-PRIETO.mp4\"><\/video><\/figure>\n\n\n\n<p>Por su parte, Leopoldo Satr\u00fastegui, Director General de Hyundai Motor Espa\u00f1a, expres\u00f3 su respaldo a la familia Torregrosa y a Enrique Sendra, gerente de la concesi\u00f3n, resaltando la importancia de esta nueva etapa para posicionar a Hyundai como l\u00edder del mercado en la zona.<\/p>\n\n\n\n<figure class=\"wp-block-video\"><video height=\"1080\" style=\"aspect-ratio: 1920 \/ 1080;\" width=\"1920\" controls src=\"https:\/\/infogandia.es\/wp-content\/uploads\/2023\/11\/PARLAMENTO-Leopoldo-Satrustegu.mp4\"><\/video><\/figure>\n\n\n\n<p><br>La familia Torregrosa, encabezada por Sergio Torregrosa, junto con el gerente de la concesi\u00f3n Enrique Sendra, lideran este nuevo cap\u00edtulo en la destacada trayectoria de Almenar, comprometi\u00e9ndose a proporcionar el mejor servicio y atenci\u00f3n a los clientes.<\/p>\n\n\n\n<figure class=\"wp-block-video\"><video height=\"1080\" style=\"aspect-ratio: 1920 \/ 1080;\" width=\"1920\" controls src=\"https:\/\/infogandia.es\/wp-content\/uploads\/2023\/11\/PARLAMENTO-TORREGROSA.mp4\"><\/video><\/figure>\n\n\n\n<p><br>Hyundai Autoalmenar se presenta como la opci\u00f3n integral de movilidad para La Safor y La Marina, ofreciendo una amplia gama de veh\u00edculos, desde modelos de combusti\u00f3n e h\u00edbridos hasta opciones 100% el\u00e9ctricas enchufables y veh\u00edculos impulsados por pila de hidr\u00f3geno. La ubicaci\u00f3n estrat\u00e9gica de las nuevas concesiones en Gand\u00eda (Calle Gran V\u00eda del Castell de Bairen, 5, junto a la Polic\u00eda Local) y Denia (Partida Madrigueres Sud, 25, junto al nuevo Aldi) facilita el acceso para los clientes de ambas capitales comarcales. Hyundai Autoalmenar invita a todos los residentes de La Safor y La Marina a visitar los nuevos concesionarios y descubrir las innovadoras opciones de movilidad que tienen\u00a0para\u00a0ofrecer.<\/p>\n\n\n\n<figure class=\"wp-block-video\"><video height=\"1080\" style=\"aspect-ratio: 1920 \/ 1080;\" width=\"1920\" controls src=\"https:\/\/infogandia.es\/wp-content\/uploads\/2023\/11\/HYUNDAI-AUTOALMENAR-2O23.mp4\"><\/video><\/figure>\n","protected":false},"excerpt":{"rendered":"<p>Hyundai Autoalmenar inaugura sus instalaciones en Gandia y Denia.<\/p>\n","protected":false},"author":1,"featured_media":1721,"comment_status":"open","ping_status":"open","sticky":false,"template":"","format":"standard","meta":{"footnotes":""},"categories":[1,27],"tags":[],"class_list":["post-1715","post","type-post","status-publish","format-standard","has-post-thumbnail","hentry","category-actualidad","category-sociedad"],"_links":{"self":[{"href":"https:\/\/infogandia.es\/index.php\/wp-json\/wp\/v2\/posts\/1715","targetHints":{"allow":["GET"]}}],"collection":[{"href":"https:\/\/infogandia.es\/index.php\/wp-json\/wp\/v2\/posts"}],"about":[{"href":"https:\/\/infogandia.es\/index.php\/wp-json\/wp\/v2\/types\/post"}],"author":[{"embeddable":true,"href":"https:\/\/infogandia.es\/index.php\/wp-json\/wp\/v2\/users\/1"}],"replies":[{"embeddable":true,"href":"https:\/\/infogandia.es\/index.php\/wp-json\/wp\/v2\/comments?post=1715"}],"version-history":[{"count":1,"href":"https:\/\/infogandia.es\/index.php\/wp-json\/wp\/v2\/posts\/1715\/revisions"}],"predecessor-version":[{"id":1723,"href":"https:\/\/infogandia.es\/index.php\/wp-json\/wp\/v2\/posts\/1715\/revisions\/1723"}],"wp:featuredmedia":[{"embeddable":true,"href":"https:\/\/infogandia.es\/index.php\/wp-json\/wp\/v2\/media\/1721"}],"wp:attachment":[{"href":"https:\/\/infogandia.es\/index.php\/wp-json\/wp\/v2\/media?parent=1715"}],"wp:term":[{"taxonomy":"category","embeddable":true,"href":"https:\/\/infogandia.es\/index.php\/wp-json\/wp\/v2\/categories?post=1715"},{"taxonomy":"post_tag","embeddable":true,"href":"https:\/\/infogandia.es\/index.php\/wp-json\/wp\/v2\/tags?post=1715"}],"curies":[{"name":"wp","href":"https:\/\/api.w.org\/{rel}","templated":true}]}}