{"id":1738,"date":"2023-11-20T10:11:34","date_gmt":"2023-11-20T10:11:34","guid":{"rendered":"https:\/\/infogandia.es\/?p=1738"},"modified":"2023-11-20T10:11:35","modified_gmt":"2023-11-20T10:11:35","slug":"la-biblioteca-central-de-gandia-acoge-esta-semana-una-multitud-de-eventos","status":"publish","type":"post","link":"https:\/\/infogandia.es\/index.php\/2023\/11\/20\/la-biblioteca-central-de-gandia-acoge-esta-semana-una-multitud-de-eventos\/","title":{"rendered":"La Biblioteca Central de Gandia acoge esta semana una multitud de eventos"},"content":{"rendered":"\n<p><strong>El mi\u00e9rcoles 22 de noviembre la Biblioteca Central de Gandia contar\u00e1 con la presencia de Mariano Vel\u00e1zquez, autor del libro &#8216; Lo que hago en mi habitaci\u00f3n&#8217;, cuya presentaci\u00f3n ser\u00e1 a las 18:00h . El jueves 23 de noviembre tendr\u00e1 lugar &#8216;El Club de Lectura&#8217; de la mano de la autora Alana S. Portero en la Sala de Actos de la Biblioteca Central de Gandia a las 19:00h. Por \u00faltimo, el viernes 24 de noviembre a las 18:00h se llevar\u00e1 a cabo la presentaci\u00f3n del libro &#8216;Su boca en tus manos&#8217;, dirigido por la propia autora del libro Vicky Mart\u00ednez. La entrada a todos ellos es completamente gratuita y accesible para todas\u00a0las\u00a0edades.<\/strong><\/p>\n\n\n\n<p><\/p>\n\n\n\n<figure class=\"wp-block-image size-large\"><img fetchpriority=\"high\" decoding=\"async\" width=\"874\" height=\"1024\" src=\"https:\/\/infogandia.es\/wp-content\/uploads\/2023\/11\/roller-club-lect-NOVEMbre23-B-mix-logos-lgtbi-1-874x1024.jpg\" alt=\"\" class=\"wp-image-1740\" srcset=\"https:\/\/infogandia.es\/wp-content\/uploads\/2023\/11\/roller-club-lect-NOVEMbre23-B-mix-logos-lgtbi-1-874x1024.jpg 874w, https:\/\/infogandia.es\/wp-content\/uploads\/2023\/11\/roller-club-lect-NOVEMbre23-B-mix-logos-lgtbi-1-256x300.jpg 256w, https:\/\/infogandia.es\/wp-content\/uploads\/2023\/11\/roller-club-lect-NOVEMbre23-B-mix-logos-lgtbi-1-768x900.jpg 768w, https:\/\/infogandia.es\/wp-content\/uploads\/2023\/11\/roller-club-lect-NOVEMbre23-B-mix-logos-lgtbi-1-1311x1536.jpg 1311w, https:\/\/infogandia.es\/wp-content\/uploads\/2023\/11\/roller-club-lect-NOVEMbre23-B-mix-logos-lgtbi-1-1748x2048.jpg 1748w\" sizes=\"(max-width: 874px) 100vw, 874px\" \/><\/figure>\n","protected":false},"excerpt":{"rendered":"<p>La Biblioteca Central de Gandia acoge esta semana una multitud de eventos<\/p>\n","protected":false},"author":1,"featured_media":1739,"comment_status":"open","ping_status":"open","sticky":false,"template":"","format":"standard","meta":{"footnotes":""},"categories":[1,27],"tags":[68,30],"class_list":["post-1738","post","type-post","status-publish","format-standard","has-post-thumbnail","hentry","category-actualidad","category-sociedad","tag-68","tag-gandia"],"_links":{"self":[{"href":"https:\/\/infogandia.es\/index.php\/wp-json\/wp\/v2\/posts\/1738","targetHints":{"allow":["GET"]}}],"collection":[{"href":"https:\/\/infogandia.es\/index.php\/wp-json\/wp\/v2\/posts"}],"about":[{"href":"https:\/\/infogandia.es\/index.php\/wp-json\/wp\/v2\/types\/post"}],"author":[{"embeddable":true,"href":"https:\/\/infogandia.es\/index.php\/wp-json\/wp\/v2\/users\/1"}],"replies":[{"embeddable":true,"href":"https:\/\/infogandia.es\/index.php\/wp-json\/wp\/v2\/comments?post=1738"}],"version-history":[{"count":1,"href":"https:\/\/infogandia.es\/index.php\/wp-json\/wp\/v2\/posts\/1738\/revisions"}],"predecessor-version":[{"id":1741,"href":"https:\/\/infogandia.es\/index.php\/wp-json\/wp\/v2\/posts\/1738\/revisions\/1741"}],"wp:featuredmedia":[{"embeddable":true,"href":"https:\/\/infogandia.es\/index.php\/wp-json\/wp\/v2\/media\/1739"}],"wp:attachment":[{"href":"https:\/\/infogandia.es\/index.php\/wp-json\/wp\/v2\/media?parent=1738"}],"wp:term":[{"taxonomy":"category","embeddable":true,"href":"https:\/\/infogandia.es\/index.php\/wp-json\/wp\/v2\/categories?post=1738"},{"taxonomy":"post_tag","embeddable":true,"href":"https:\/\/infogandia.es\/index.php\/wp-json\/wp\/v2\/tags?post=1738"}],"curies":[{"name":"wp","href":"https:\/\/api.w.org\/{rel}","templated":true}]}}