{"id":1751,"date":"2023-11-20T10:14:03","date_gmt":"2023-11-20T10:14:03","guid":{"rendered":"https:\/\/infogandia.es\/?p=1751"},"modified":"2023-11-20T10:14:03","modified_gmt":"2023-11-20T10:14:03","slug":"el-gandia-cf-pierde-fuera-de-casa-ante-el-patacona","status":"publish","type":"post","link":"https:\/\/infogandia.es\/index.php\/2023\/11\/20\/el-gandia-cf-pierde-fuera-de-casa-ante-el-patacona\/","title":{"rendered":"El Gandia CF pierde fuera de casa ante el Patacona"},"content":{"rendered":"\n<p>El Club de F\u00fatbol Gandia cay\u00f3 derrotado por dos goles a cero en su salida al Campo Municipal de la Patacona, en Alboraya. Al equipo le cost\u00f3 adaptarse a las dimensiones del terreno de juego, mientras ve\u00eda a un Patacona CF que s\u00ed supo aprovechar sus escasas ocasiones de gol. En el minuto 10 llegaba el primer tanto en un bal\u00f3n a la espalda de la defensa que Ferran Giner convirti\u00f3 con mucha clase. Y tan solo 12 minutos despu\u00e9s, a bal\u00f3n parado, lleg\u00f3 el segundo del Patacona CF, nuevamente por Ferran Giner.<\/p>\n\n\n\n<p>Dos goles evitables en acciones puntuales que pusieron el partido cuesta arriba demasiado pronto. Pese a ello, el equipo no le perdi\u00f3 la cara al encuentro y sigui\u00f3 compitiendo en todo momento y disfrutando de ocasiones claras que no llegaban a materializarse. De hecho, los locales no pisaron el \u00e1rea defendida por Christian en toda la segunda parte, pero al Club de F\u00fatbol Gandia le falt\u00f3 claridad en los metros finales.<\/p>\n\n\n\n<p>Sergio Campos pudo dar continuidad al juvenil Marcos Tom\u00e9 y tambi\u00e9n hizo posible el debut de otro juvenil, Tob\u00edas Barabaschi. Ambos descansaron con su equipo sabiendo que las bajas del primer equipo les pod\u00edan permitir disputar minutos en Tercera, lo que demuestra el compromiso del club con la cantera.<\/p>\n\n\n\n<p>Los jugadores blanquiazules al inicio del partido salieron al campo con unas camisetas de \u00e1nimo dedicadas a sus compa\u00f1eros lesionados \u00d3scar y Sergio.<\/p>\n\n\n\n<p>La semana que viene el equipo deber\u00e1 cambiar la din\u00e1mica negativa de dos derrotas consecutivas haci\u00e9ndose fuerte en casa en el enfrentamiento ante el&nbsp;Castellonense.<\/p>\n","protected":false},"excerpt":{"rendered":"<p>El Gandia CF pierde fuera de casa ante el Patacona.<\/p>\n","protected":false},"author":1,"featured_media":1752,"comment_status":"open","ping_status":"open","sticky":false,"template":"","format":"standard","meta":{"footnotes":""},"categories":[1,4],"tags":[],"class_list":["post-1751","post","type-post","status-publish","format-standard","has-post-thumbnail","hentry","category-actualidad","category-deporte"],"_links":{"self":[{"href":"https:\/\/infogandia.es\/index.php\/wp-json\/wp\/v2\/posts\/1751","targetHints":{"allow":["GET"]}}],"collection":[{"href":"https:\/\/infogandia.es\/index.php\/wp-json\/wp\/v2\/posts"}],"about":[{"href":"https:\/\/infogandia.es\/index.php\/wp-json\/wp\/v2\/types\/post"}],"author":[{"embeddable":true,"href":"https:\/\/infogandia.es\/index.php\/wp-json\/wp\/v2\/users\/1"}],"replies":[{"embeddable":true,"href":"https:\/\/infogandia.es\/index.php\/wp-json\/wp\/v2\/comments?post=1751"}],"version-history":[{"count":1,"href":"https:\/\/infogandia.es\/index.php\/wp-json\/wp\/v2\/posts\/1751\/revisions"}],"predecessor-version":[{"id":1753,"href":"https:\/\/infogandia.es\/index.php\/wp-json\/wp\/v2\/posts\/1751\/revisions\/1753"}],"wp:featuredmedia":[{"embeddable":true,"href":"https:\/\/infogandia.es\/index.php\/wp-json\/wp\/v2\/media\/1752"}],"wp:attachment":[{"href":"https:\/\/infogandia.es\/index.php\/wp-json\/wp\/v2\/media?parent=1751"}],"wp:term":[{"taxonomy":"category","embeddable":true,"href":"https:\/\/infogandia.es\/index.php\/wp-json\/wp\/v2\/categories?post=1751"},{"taxonomy":"post_tag","embeddable":true,"href":"https:\/\/infogandia.es\/index.php\/wp-json\/wp\/v2\/tags?post=1751"}],"curies":[{"name":"wp","href":"https:\/\/api.w.org\/{rel}","templated":true}]}}