{"id":1785,"date":"2023-11-21T11:06:33","date_gmt":"2023-11-21T11:06:33","guid":{"rendered":"https:\/\/infogandia.es\/?p=1785"},"modified":"2023-11-21T11:06:38","modified_gmt":"2023-11-21T11:06:38","slug":"gandia-va-acollir-dissabte-passat-la-segona-edicio-del-rally-clasicos-territorio-borgia","status":"publish","type":"post","link":"https:\/\/infogandia.es\/index.php\/2023\/11\/21\/gandia-va-acollir-dissabte-passat-la-segona-edicio-del-rally-clasicos-territorio-borgia\/","title":{"rendered":"Gandia va acollir dissabte passat la segona edici\u00f3 del &#8216;Rally\u00a0Cl\u00e1sicos\u00a0Territorio\u00a0Borgia&#8217;"},"content":{"rendered":"\n<p>Una prova on van participar\u00a0prop de 30 vehicles que van haver de rec\u00f3rrer aproximadament 250 quil\u00f2metres circulant per 39 municipis de Val\u00e8ncia i Alacant en un recorregut complex.<br>Els equips van rec\u00f3rrer els 10 trams cronometrats preparats per l&#8217;organitzaci\u00f3 sense incidents i la classificaci\u00f3 va estar molt disputada en tot moment. Cal recordar que aquest ral\u00b7li \u00e9s puntuable per al Trofeu de Regularitat de la Comunitat Valenciana.<\/p>\n\n\n\n<p>Des de l&#8217;organitzaci\u00f3 s&#8217;ha volgut agrair la col\u00b7laboraci\u00f3 del consistori i remarcat que els participants procedien de diversos punts del territori nacional.<\/p>\n\n\n\n<p>Pel que fa al ral\u00b7li, destacar que&nbsp;Dar\u00edo&nbsp;Muguruza&nbsp;i&nbsp;Leandro&nbsp;Domingo, del Valencia Equipo de Competici\u00f3n, es van imposar a la prova amb el seu Porsche 911 Carrera mentre que&nbsp;Pablo Alcoy&nbsp;i Rafael Molina del Club Horta&nbsp;Classics, van aconseguir segona posici\u00f3 i Jos\u00e9 i&nbsp;Javier&nbsp;Roca&nbsp;del Auto&nbsp;Club&nbsp;Costablanca&nbsp;van finalitzar tercers.<\/p>\n\n\n\n<p>Pel que fa als equips locals, els vencedors van ser&nbsp;Vicente&nbsp;Ramos \u2013&nbsp;\u00c1ngel&nbsp;Gonz\u00e1lez, amb el seu Alfa Romeo&nbsp;GT&nbsp;Junior, seguits en segona posici\u00f3 per&nbsp;Lezcano&nbsp;\u2013&nbsp;Sivera&nbsp;amb el Renault 5 GT Turbo i tercers&nbsp;Vicente&nbsp;Blasco i&nbsp;Vicente&nbsp;Ure\u00f1a&nbsp;amb un BMW 323.<\/p>\n\n\n\n<p>La cerim\u00f2nia de lliurament de trofeus es va celebrar al Pati d&#8217;Armes del Palau Ducal.<\/p>\n","protected":false},"excerpt":{"rendered":"<p>Gandia va acollir dissabte passat la segona edici\u00f3 del &#8216;Rally\u00a0Cl\u00e1sicos\u00a0Territorio\u00a0Borgia&#8217;.<\/p>\n","protected":false},"author":1,"featured_media":1786,"comment_status":"open","ping_status":"open","sticky":false,"template":"","format":"standard","meta":{"footnotes":""},"categories":[1],"tags":[68,30],"class_list":["post-1785","post","type-post","status-publish","format-standard","has-post-thumbnail","hentry","category-actualidad","tag-68","tag-gandia"],"_links":{"self":[{"href":"https:\/\/infogandia.es\/index.php\/wp-json\/wp\/v2\/posts\/1785","targetHints":{"allow":["GET"]}}],"collection":[{"href":"https:\/\/infogandia.es\/index.php\/wp-json\/wp\/v2\/posts"}],"about":[{"href":"https:\/\/infogandia.es\/index.php\/wp-json\/wp\/v2\/types\/post"}],"author":[{"embeddable":true,"href":"https:\/\/infogandia.es\/index.php\/wp-json\/wp\/v2\/users\/1"}],"replies":[{"embeddable":true,"href":"https:\/\/infogandia.es\/index.php\/wp-json\/wp\/v2\/comments?post=1785"}],"version-history":[{"count":1,"href":"https:\/\/infogandia.es\/index.php\/wp-json\/wp\/v2\/posts\/1785\/revisions"}],"predecessor-version":[{"id":1787,"href":"https:\/\/infogandia.es\/index.php\/wp-json\/wp\/v2\/posts\/1785\/revisions\/1787"}],"wp:featuredmedia":[{"embeddable":true,"href":"https:\/\/infogandia.es\/index.php\/wp-json\/wp\/v2\/media\/1786"}],"wp:attachment":[{"href":"https:\/\/infogandia.es\/index.php\/wp-json\/wp\/v2\/media?parent=1785"}],"wp:term":[{"taxonomy":"category","embeddable":true,"href":"https:\/\/infogandia.es\/index.php\/wp-json\/wp\/v2\/categories?post=1785"},{"taxonomy":"post_tag","embeddable":true,"href":"https:\/\/infogandia.es\/index.php\/wp-json\/wp\/v2\/tags?post=1785"}],"curies":[{"name":"wp","href":"https:\/\/api.w.org\/{rel}","templated":true}]}}