{"id":1794,"date":"2023-11-21T12:55:51","date_gmt":"2023-11-21T12:55:51","guid":{"rendered":"https:\/\/infogandia.es\/?p=1794"},"modified":"2023-11-21T12:55:52","modified_gmt":"2023-11-21T12:55:52","slug":"la-xii-edicion-de-comunica2-llega-al-campus-de-la-upv-de-gandia","status":"publish","type":"post","link":"https:\/\/infogandia.es\/index.php\/2023\/11\/21\/la-xii-edicion-de-comunica2-llega-al-campus-de-la-upv-de-gandia\/","title":{"rendered":"La XII edici\u00f3n de Comunica2 llega al Campus de la UPV de Gandia"},"content":{"rendered":"\n<p>La concejala delegada de Universidades, Elena Moncho, ha presentado esta ma\u00f1ana la XII edici\u00f3n del Congreso Comunica2, que se celebrar\u00e1 los d\u00edas 23 y 24 de noviembre de 2023, as\u00ed como el d\u00eda 22 en su versi\u00f3n online para comunicaciones en el Campus Gand\u00eda de la UPV. Durante la presentaci\u00f3n, la edil ha estado acompa\u00f1ada de Rebeca D\u00edez y Marga Cabrera, codirectoras del Congreso, y de Luc\u00eda Garc\u00eda Robledo, coordinadora del mismo.<\/p>\n\n\n\n<p>En primer lugar, la concejala ha expresado su satisfacci\u00f3n por poder presentar un evento que con anterioridad present\u00f3 la exalcaldesa de Gandia, Diana Morant, \u201cque sol\u00eda comparecer en esta misma sala para hacer las presentaciones de las anteriores ediciones del Comunica2, y asumir\u00e1 hoy su cargo como ministra de Ciencia y responsable de las Universidades por lo que no podemos m\u00e1s que felicitarnos por el hecho de que Gandia vuelva a ser, una vez m\u00e1s, noticia nacional por su implicaci\u00f3n con la transmisi\u00f3n del conocimiento y la ciencia \u201d.<\/p>\n\n\n\n<p>El edil ha querido valorar el Congreso como una iniciativa que va m\u00e1s all\u00e1 de la repercusi\u00f3n en redes, ya que implica abrir una ventana al mundo y asociar a Gandia \u201ccon alguno de los valores que nos identifican: ser una ciudad educadora que es referente el \u00e1mbito de la comunicaci\u00f3n online y las nuevas tecnolog\u00edas\u201d.<\/p>\n\n\n\n<p>\u201cGracias a este congreso y al impagable y nunca bien reconocido trabajo de sus organizadoras, nos consolidamos como espacio de referencia en la organizaci\u00f3n de encuentros o congresos que suponen avances en el conocimiento y en nuestras formas de relacionarnos\u201d , ha a\u00f1adido.Este a\u00f1o se abordar\u00e1n temas tan importantes como la inteligencia artificial, la marca personal, las campa\u00f1as de \u00e9xito en TikTok, c\u00f3mo cambia la forma de comunicarnos o c\u00f3mo explicar las noticias en un minuto. &#8220;Estoy convencida de que todos los participantes en este congreso nos ayudar\u00e1n a ampliar nuestra mirada y nuestros conocimientos en torno a la comunicaci\u00f3n y la tecnolog\u00eda&#8221;, ha afirmado Moncho.<\/p>\n\n\n\n<p>Para finalizar su intervenci\u00f3n, la concejala ha manifestado su compromiso, el del gobierno municipal y el del alcalde (que hoy no ha podido asistir a esta rueda de prensa para acompa\u00f1ar a la nueva ministra de Ciencia y Universidades en su nombramiento) , \u201ca mantener la estrecha relaci\u00f3n que nos une con la Universidad para seguir desarrollando sinergias que aportan a la sociedad conocimiento, formaci\u00f3n y entretenimiento\u201d.<\/p>\n\n\n\n<p>Marga Cabrera ha manifestado su satisfacci\u00f3n por haber logrado llegar a la docena de ediciones. \u201cEste a\u00f1o tenemos ponentes de nivel nacional e internacional que vienen a explicarnos qu\u00e9 est\u00e1 pasando en el \u00e1mbito de la comunicaci\u00f3n y con asuntos tan de actualidad como TikTok o la Inteligencia Artificial, es decir, todo lo que cualquiera persona necesitar\u00eda saber en este aspecto\u201d.<\/p>\n\n\n\n<p>Por su parte, Rebeca D\u00edez ha destacado el apoyo del consistorio desde su inicio y que la pretensi\u00f3n del Congreso es &#8220;llevar la actualidad al Campus&#8221;.<\/p>\n\n\n\n<p>Por \u00faltimo, Garc\u00eda Robledo, co-coordinadora de la iniciativa junto a Pablo Estornell, ha explicado que el congreso supone \u201cuna oportunidad para los m\u00e1s de 30 alumnos que nos hemos implicado en el proyecto. Estamos aprendiendo mucho en los \u00faltimos meses y esta semana se culmina todo. Podremos compartir inquietudes con profesionales y personas de primer nivel y esto nos ayuda a crecer y tomar\u201d.<\/p>\n\n\n\n<p>Las inscripciones siguen abiertas y pueden realizarse en https:\/\/comunica2.webs.upv.es\/.<\/p>\n","protected":false},"excerpt":{"rendered":"<p>La XII edici\u00f3n de Comunica2 llega al Campus de la UPV de Gandia<\/p>\n","protected":false},"author":1,"featured_media":1795,"comment_status":"open","ping_status":"open","sticky":false,"template":"","format":"standard","meta":{"footnotes":""},"categories":[1],"tags":[68,30],"class_list":["post-1794","post","type-post","status-publish","format-standard","has-post-thumbnail","hentry","category-actualidad","tag-68","tag-gandia"],"_links":{"self":[{"href":"https:\/\/infogandia.es\/index.php\/wp-json\/wp\/v2\/posts\/1794","targetHints":{"allow":["GET"]}}],"collection":[{"href":"https:\/\/infogandia.es\/index.php\/wp-json\/wp\/v2\/posts"}],"about":[{"href":"https:\/\/infogandia.es\/index.php\/wp-json\/wp\/v2\/types\/post"}],"author":[{"embeddable":true,"href":"https:\/\/infogandia.es\/index.php\/wp-json\/wp\/v2\/users\/1"}],"replies":[{"embeddable":true,"href":"https:\/\/infogandia.es\/index.php\/wp-json\/wp\/v2\/comments?post=1794"}],"version-history":[{"count":1,"href":"https:\/\/infogandia.es\/index.php\/wp-json\/wp\/v2\/posts\/1794\/revisions"}],"predecessor-version":[{"id":1796,"href":"https:\/\/infogandia.es\/index.php\/wp-json\/wp\/v2\/posts\/1794\/revisions\/1796"}],"wp:featuredmedia":[{"embeddable":true,"href":"https:\/\/infogandia.es\/index.php\/wp-json\/wp\/v2\/media\/1795"}],"wp:attachment":[{"href":"https:\/\/infogandia.es\/index.php\/wp-json\/wp\/v2\/media?parent=1794"}],"wp:term":[{"taxonomy":"category","embeddable":true,"href":"https:\/\/infogandia.es\/index.php\/wp-json\/wp\/v2\/categories?post=1794"},{"taxonomy":"post_tag","embeddable":true,"href":"https:\/\/infogandia.es\/index.php\/wp-json\/wp\/v2\/tags?post=1794"}],"curies":[{"name":"wp","href":"https:\/\/api.w.org\/{rel}","templated":true}]}}