{"id":1812,"date":"2023-11-21T17:02:31","date_gmt":"2023-11-21T17:02:31","guid":{"rendered":"https:\/\/infogandia.es\/?p=1812"},"modified":"2023-11-21T17:02:31","modified_gmt":"2023-11-21T17:02:31","slug":"llega-a-la-safor-la-semana-del-desayuno-valenciano","status":"publish","type":"post","link":"https:\/\/infogandia.es\/index.php\/2023\/11\/21\/llega-a-la-safor-la-semana-del-desayuno-valenciano\/","title":{"rendered":"Llega a la Safor la Semana del Desayuno Valenciano"},"content":{"rendered":"\n<p>El Pati dels Scala de la Diputaci\u00f3 de Val\u00e8ncia fue el escenario de la presentaci\u00f3n de la \u00abSemana del Desayuno Valenciano\u00bb, que se llevar\u00e1 a cabo del 27 de noviembre al 1 de diciembre. M\u00e1s de 40 establecimientos de once municipios se unen a esta iniciativa, donde los clientes ser\u00e1n obsequiados con zumo de naranja valenciana certificada junto a su desayuno. La Safor tiene un papel fundamental en la iniciativa, ya que entre los municipios participantes destacan Gandia, Playa de Gandia, Xeraco, Oliva, Tavernes de la Valldigna y Bellreguard.<\/p>\n\n\n\n<p>Esta edici\u00f3n 2023, impulsada por Hosteler\u00eda Valencia y organizada en colaboraci\u00f3n con Val\u00e8ncia Turisme y el Consejo Regulador IGP C\u00edtricos Valencianos, promete ser un hito gastron\u00f3mico en la regi\u00f3n.Durante la \u00abSemana del Desayuno Valenciano\u00bb, aquellos que disfruten de un desayuno valenciano en los locales adheridos recibir\u00e1n de regalo un zumo de naranja natural elaborado con naranjas aut\u00f3ctonas certificadas por la IGP C\u00edtricos Valencianos. El mapa de locales participantes est\u00e1 disponible en la p\u00e1gina web del evento, donde tambi\u00e9n se detallan horarios y precios.<\/p>\n\n\n\n<p>Los once municipios participantes son Valencia, Pu\u00e7ol, El Puig de Santa Mar\u00eda, Cullera, Gandia, Playa de Gandia, Tavernes de la Valldigna, Xeraco, Oliva, Bellreguard&nbsp;y&nbsp;Alcublas.<\/p>\n","protected":false},"excerpt":{"rendered":"<p>Llega a la Safor la Semana del Desayuno Valenciano.<\/p>\n","protected":false},"author":1,"featured_media":1813,"comment_status":"open","ping_status":"open","sticky":false,"template":"","format":"standard","meta":{"footnotes":""},"categories":[1,57],"tags":[],"class_list":["post-1812","post","type-post","status-publish","format-standard","has-post-thumbnail","hentry","category-actualidad","category-turismo"],"_links":{"self":[{"href":"https:\/\/infogandia.es\/index.php\/wp-json\/wp\/v2\/posts\/1812","targetHints":{"allow":["GET"]}}],"collection":[{"href":"https:\/\/infogandia.es\/index.php\/wp-json\/wp\/v2\/posts"}],"about":[{"href":"https:\/\/infogandia.es\/index.php\/wp-json\/wp\/v2\/types\/post"}],"author":[{"embeddable":true,"href":"https:\/\/infogandia.es\/index.php\/wp-json\/wp\/v2\/users\/1"}],"replies":[{"embeddable":true,"href":"https:\/\/infogandia.es\/index.php\/wp-json\/wp\/v2\/comments?post=1812"}],"version-history":[{"count":1,"href":"https:\/\/infogandia.es\/index.php\/wp-json\/wp\/v2\/posts\/1812\/revisions"}],"predecessor-version":[{"id":1814,"href":"https:\/\/infogandia.es\/index.php\/wp-json\/wp\/v2\/posts\/1812\/revisions\/1814"}],"wp:featuredmedia":[{"embeddable":true,"href":"https:\/\/infogandia.es\/index.php\/wp-json\/wp\/v2\/media\/1813"}],"wp:attachment":[{"href":"https:\/\/infogandia.es\/index.php\/wp-json\/wp\/v2\/media?parent=1812"}],"wp:term":[{"taxonomy":"category","embeddable":true,"href":"https:\/\/infogandia.es\/index.php\/wp-json\/wp\/v2\/categories?post=1812"},{"taxonomy":"post_tag","embeddable":true,"href":"https:\/\/infogandia.es\/index.php\/wp-json\/wp\/v2\/tags?post=1812"}],"curies":[{"name":"wp","href":"https:\/\/api.w.org\/{rel}","templated":true}]}}