{"id":1826,"date":"2023-11-22T17:52:14","date_gmt":"2023-11-22T17:52:14","guid":{"rendered":"https:\/\/infogandia.es\/?p=1826"},"modified":"2023-11-22T17:52:15","modified_gmt":"2023-11-22T17:52:15","slug":"el-ayuntamiento-de-tavernes-inicia-la-instalacion-del-alumbrado-de-navidad-en-el-casco-urbano-y-en-la-playa","status":"publish","type":"post","link":"https:\/\/infogandia.es\/index.php\/2023\/11\/22\/el-ayuntamiento-de-tavernes-inicia-la-instalacion-del-alumbrado-de-navidad-en-el-casco-urbano-y-en-la-playa\/","title":{"rendered":"El Ayuntamiento de Tavernes inicia la instalaci\u00f3n del alumbrado de Navidad en el casco urbano y en la playa"},"content":{"rendered":"\n<p>La iluminaci\u00f3n ser\u00e1 de leds de bajo consumo y estar\u00e1 presente en las principales calles de la localidad, todos los parques infantiles, la avenida de la playa y 130 farolas<br>El tradicional encendido del \u00e1rbol de Navidad, elaborado por la Fundaci\u00f3 Integra Valldigna, ser\u00e1 el pr\u00f3ximo 5 de diciembre en el paseo de la Comunidad Valenciana<br>Tavernes, 22 de noviembre de 2023. Los operarios de la brigada municipal ya trabajan en la instalaci\u00f3n del alumbrado de Navidad que este a\u00f1o lucir\u00e1 en Tavernes de la Valldigna. El Ayuntamiento ha reforzado para este a\u00f1o la iluminaci\u00f3n en el casco urbano y la playa para que la decoraci\u00f3n llegue a cada rinc\u00f3n del pueblo. Para estas fiestas navide\u00f1as habr\u00e1 una mayor iluminaci\u00f3n que en los \u00faltimos a\u00f1os, pero el consistorio ha apostado por luces de leds para reducir el consumo y ser m\u00e1s sostenibles.<br>En la entrada de la localidad habr\u00e1 carteles iluminados para desear felices fiestas, mientras que en el acceso al pabell\u00f3n deportivo ya la Casa de la Cultura se podr\u00e1n ver un conjunto de figuras iluminadas con motivos navide\u00f1os. Adem\u00e1s, habr\u00e1 dise\u00f1os de luces en 130 farolas y otros dibujos con arcos de luces en la calle Major, paseo Col\u00f3n, paseo de la Comunidad Valenciana y plaza Mayor. Se completa el alumbrado de Navidad en todos los parques infantiles del casco urbano y la playa, as\u00ed como en toda la avenida Marina, en la playa.<br>El concejal de Servicios P\u00fablicos, Jos\u00e9 Enrique Cu\u00f1at, ha explicado que tanto la concejal\u00eda que dirige como el departamento de Turismo han querido dar importancia al casco urbano de la playa para estas fechas. \u201cHemos apostado este a\u00f1o por dar m\u00e1s iluminaci\u00f3n tanto al pueblo como a la playa y, tras la propuesta del concejal de Turismo, hemos considerado que ser\u00eda importante reforzar la playa, teniendo en cuenta a todas las personas que pasan estas fiestas all\u00ed o nos visitan. Todas las luces son de leds y potenciamos que sean de bajo consumo, como ha hecho siempre el Ayuntamiento y esperamos que a la gente le guste la decoraci\u00f3n que estamos colocando\u201d, ha detallado Jos\u00e9 Enrique Cu\u00f1at.<br>Por otro lado, ya hay fecha para el tradicional encendido del \u00e1rbol de Navidad, que como cada a\u00f1o est\u00e1n elaborando los usuarios del centro ocupacional Integra Valldigna. Ser\u00e1 el pr\u00f3ximo 5 de diciembre en el paseo de la Comunidad Valenciana.<\/p>\n\n\n\n<figure class=\"wp-block-gallery has-nested-images columns-default is-cropped wp-block-gallery-1 is-layout-flex wp-block-gallery-is-layout-flex\">\n<figure class=\"wp-block-image size-large\"><img fetchpriority=\"high\" decoding=\"async\" width=\"478\" height=\"1024\" data-id=\"1828\" src=\"https:\/\/infogandia.es\/wp-content\/uploads\/2023\/11\/231122-llums-nadal-1-478x1024.jpg\" alt=\"\" class=\"wp-image-1828\" srcset=\"https:\/\/infogandia.es\/wp-content\/uploads\/2023\/11\/231122-llums-nadal-1-478x1024.jpg 478w, https:\/\/infogandia.es\/wp-content\/uploads\/2023\/11\/231122-llums-nadal-1-140x300.jpg 140w, https:\/\/infogandia.es\/wp-content\/uploads\/2023\/11\/231122-llums-nadal-1-717x1536.jpg 717w, https:\/\/infogandia.es\/wp-content\/uploads\/2023\/11\/231122-llums-nadal-1.jpg 747w\" sizes=\"(max-width: 478px) 100vw, 478px\" \/><\/figure>\n\n\n\n<figure class=\"wp-block-image size-large\"><img decoding=\"async\" width=\"766\" height=\"1024\" data-id=\"1831\" src=\"https:\/\/infogandia.es\/wp-content\/uploads\/2023\/11\/231122-llums-nadal-2-766x1024.jpg\" alt=\"\" class=\"wp-image-1831\" srcset=\"https:\/\/infogandia.es\/wp-content\/uploads\/2023\/11\/231122-llums-nadal-2-766x1024.jpg 766w, https:\/\/infogandia.es\/wp-content\/uploads\/2023\/11\/231122-llums-nadal-2-224x300.jpg 224w, https:\/\/infogandia.es\/wp-content\/uploads\/2023\/11\/231122-llums-nadal-2-768x1027.jpg 768w, https:\/\/infogandia.es\/wp-content\/uploads\/2023\/11\/231122-llums-nadal-2-1149x1536.jpg 1149w, https:\/\/infogandia.es\/wp-content\/uploads\/2023\/11\/231122-llums-nadal-2.jpg 1496w\" sizes=\"(max-width: 766px) 100vw, 766px\" \/><\/figure>\n\n\n\n<figure class=\"wp-block-image size-large\"><img decoding=\"async\" width=\"576\" height=\"1024\" data-id=\"1829\" src=\"https:\/\/infogandia.es\/wp-content\/uploads\/2023\/11\/231122-llums-nadal-3-576x1024.jpg\" alt=\"\" class=\"wp-image-1829\" srcset=\"https:\/\/infogandia.es\/wp-content\/uploads\/2023\/11\/231122-llums-nadal-3-576x1024.jpg 576w, https:\/\/infogandia.es\/wp-content\/uploads\/2023\/11\/231122-llums-nadal-3-169x300.jpg 169w, https:\/\/infogandia.es\/wp-content\/uploads\/2023\/11\/231122-llums-nadal-3-768x1366.jpg 768w, https:\/\/infogandia.es\/wp-content\/uploads\/2023\/11\/231122-llums-nadal-3-864x1536.jpg 864w, https:\/\/infogandia.es\/wp-content\/uploads\/2023\/11\/231122-llums-nadal-3.jpg 899w\" sizes=\"(max-width: 576px) 100vw, 576px\" \/><\/figure>\n\n\n\n<figure class=\"wp-block-image size-large\"><img loading=\"lazy\" decoding=\"async\" width=\"576\" height=\"1024\" data-id=\"1830\" src=\"https:\/\/infogandia.es\/wp-content\/uploads\/2023\/11\/231122-llums-nadal-4-576x1024.jpg\" alt=\"\" class=\"wp-image-1830\" srcset=\"https:\/\/infogandia.es\/wp-content\/uploads\/2023\/11\/231122-llums-nadal-4-576x1024.jpg 576w, https:\/\/infogandia.es\/wp-content\/uploads\/2023\/11\/231122-llums-nadal-4-169x300.jpg 169w, https:\/\/infogandia.es\/wp-content\/uploads\/2023\/11\/231122-llums-nadal-4-768x1366.jpg 768w, https:\/\/infogandia.es\/wp-content\/uploads\/2023\/11\/231122-llums-nadal-4-864x1536.jpg 864w, https:\/\/infogandia.es\/wp-content\/uploads\/2023\/11\/231122-llums-nadal-4.jpg 899w\" sizes=\"(max-width: 576px) 100vw, 576px\" \/><\/figure>\n<\/figure>\n","protected":false},"excerpt":{"rendered":"<p>El Ayuntamiento de Tavernes inicia la instalaci\u00f3n del alumbrado de Navidad en el casco urbano y en la playa<\/p>\n","protected":false},"author":1,"featured_media":1827,"comment_status":"open","ping_status":"open","sticky":false,"template":"","format":"standard","meta":{"footnotes":""},"categories":[1],"tags":[],"class_list":["post-1826","post","type-post","status-publish","format-standard","has-post-thumbnail","hentry","category-actualidad"],"_links":{"self":[{"href":"https:\/\/infogandia.es\/index.php\/wp-json\/wp\/v2\/posts\/1826","targetHints":{"allow":["GET"]}}],"collection":[{"href":"https:\/\/infogandia.es\/index.php\/wp-json\/wp\/v2\/posts"}],"about":[{"href":"https:\/\/infogandia.es\/index.php\/wp-json\/wp\/v2\/types\/post"}],"author":[{"embeddable":true,"href":"https:\/\/infogandia.es\/index.php\/wp-json\/wp\/v2\/users\/1"}],"replies":[{"embeddable":true,"href":"https:\/\/infogandia.es\/index.php\/wp-json\/wp\/v2\/comments?post=1826"}],"version-history":[{"count":1,"href":"https:\/\/infogandia.es\/index.php\/wp-json\/wp\/v2\/posts\/1826\/revisions"}],"predecessor-version":[{"id":1832,"href":"https:\/\/infogandia.es\/index.php\/wp-json\/wp\/v2\/posts\/1826\/revisions\/1832"}],"wp:featuredmedia":[{"embeddable":true,"href":"https:\/\/infogandia.es\/index.php\/wp-json\/wp\/v2\/media\/1827"}],"wp:attachment":[{"href":"https:\/\/infogandia.es\/index.php\/wp-json\/wp\/v2\/media?parent=1826"}],"wp:term":[{"taxonomy":"category","embeddable":true,"href":"https:\/\/infogandia.es\/index.php\/wp-json\/wp\/v2\/categories?post=1826"},{"taxonomy":"post_tag","embeddable":true,"href":"https:\/\/infogandia.es\/index.php\/wp-json\/wp\/v2\/tags?post=1826"}],"curies":[{"name":"wp","href":"https:\/\/api.w.org\/{rel}","templated":true}]}}