{"id":1837,"date":"2023-11-22T17:56:50","date_gmt":"2023-11-22T17:56:50","guid":{"rendered":"https:\/\/infogandia.es\/?p=1837"},"modified":"2023-11-22T17:56:50","modified_gmt":"2023-11-22T17:56:50","slug":"el-pp-de-gandia-descontento-con-el-gobierno-local-por-priorizar-un-acto-de-partido-en-madrid-antes-que-los-actos-del-patron-de-la-policia-local-de-la-ciudad","status":"publish","type":"post","link":"https:\/\/infogandia.es\/index.php\/2023\/11\/22\/el-pp-de-gandia-descontento-con-el-gobierno-local-por-priorizar-un-acto-de-partido-en-madrid-antes-que-los-actos-del-patron-de-la-policia-local-de-la-ciudad\/","title":{"rendered":"El PP de Gandia descontento con el Gobierno local por priorizar un acto de partido en Madrid antes que los actos del Patr\u00f3n de la Polic\u00eda Local de la ciudad"},"content":{"rendered":"\n<p>El Gobierno de Gandia suspendi\u00f3 los actos el lunes a mediod\u00eda para viajar a Madrid a &#8221;aplaudir a Diana Morant y rendirle pleites\u00eda&#8221;<\/p>\n\n\n\n<p>El Partido Popular en Gandia ha mostrado su &#8221;en\u00e9rgica repulsa ante la decisi\u00f3n de aplazar las celebraciones de la festividad del patr\u00f3n de la Polic\u00eda Local con el \u00fanico motivo de preferir acudir a Madrid para aplaudir el nombramiento de Diana Morant. Consideramos que este cambio inesperado es absolutamente irrespetuoso no solo hacia la propia Polic\u00eda Local, sino tambi\u00e9n hacia todos aquellos que hab\u00edan planeado asistir y que ahora se ven afectados por esta decisi\u00f3n. No se puede cambiar la agenda de entidades y personas por el capricho pol\u00edtico del PSOE&#8221;.<\/p>\n\n\n\n<p>El portavoz del PP en el Ayuntamiento de Gandia, Guillermo Barber Fuster ha recordado que organizar un acto como \u00e9ste &#8221;lleva muchas semanas de trabajo y es una falta de respeto el hecho de suspenderlo sin una raz\u00f3n realmente importante&#8221; a\u00f1adiendo que &#8221;somos conocedores del cari\u00f1o y dedicaci\u00f3n con la que se hab\u00eda preparado este evento&#8221; en referencia al protocolo, las invitaciones, la misa, el acto homenaje y entrega de recompensas y el vino de honor.<\/p>\n\n\n\n<p>Barber concluye diciendo que &#8221;por ello nos preocupa y sorprende el hecho de que Prieto, por propia iniciativa y conveniencia, decida posponer esta celebraci\u00f3n de motu proprio, faltando al respeto a un colectivo tan importante como el de la Polic\u00eda Local de Gandia.\u201d<\/p>\n","protected":false},"excerpt":{"rendered":"<p>El Gobierno de Gandia suspendi\u00f3 los actos el lunes a mediod\u00eda para viajar a Madrid a &#8221;aplaudir a Diana Morant y rendirle pleites\u00eda&#8221; El Partido Popular en Gandia ha mostrado su &#8221;en\u00e9rgica repulsa ante la decisi\u00f3n de aplazar las celebraciones de la festividad del patr\u00f3n de la Polic\u00eda Local con el \u00fanico motivo de preferir&#8230;<\/p>\n","protected":false},"author":1,"featured_media":1838,"comment_status":"open","ping_status":"open","sticky":false,"template":"","format":"standard","meta":{"footnotes":""},"categories":[1,3],"tags":[68,30],"class_list":["post-1837","post","type-post","status-publish","format-standard","has-post-thumbnail","hentry","category-actualidad","category-politica","tag-68","tag-gandia"],"_links":{"self":[{"href":"https:\/\/infogandia.es\/index.php\/wp-json\/wp\/v2\/posts\/1837","targetHints":{"allow":["GET"]}}],"collection":[{"href":"https:\/\/infogandia.es\/index.php\/wp-json\/wp\/v2\/posts"}],"about":[{"href":"https:\/\/infogandia.es\/index.php\/wp-json\/wp\/v2\/types\/post"}],"author":[{"embeddable":true,"href":"https:\/\/infogandia.es\/index.php\/wp-json\/wp\/v2\/users\/1"}],"replies":[{"embeddable":true,"href":"https:\/\/infogandia.es\/index.php\/wp-json\/wp\/v2\/comments?post=1837"}],"version-history":[{"count":1,"href":"https:\/\/infogandia.es\/index.php\/wp-json\/wp\/v2\/posts\/1837\/revisions"}],"predecessor-version":[{"id":1839,"href":"https:\/\/infogandia.es\/index.php\/wp-json\/wp\/v2\/posts\/1837\/revisions\/1839"}],"wp:featuredmedia":[{"embeddable":true,"href":"https:\/\/infogandia.es\/index.php\/wp-json\/wp\/v2\/media\/1838"}],"wp:attachment":[{"href":"https:\/\/infogandia.es\/index.php\/wp-json\/wp\/v2\/media?parent=1837"}],"wp:term":[{"taxonomy":"category","embeddable":true,"href":"https:\/\/infogandia.es\/index.php\/wp-json\/wp\/v2\/categories?post=1837"},{"taxonomy":"post_tag","embeddable":true,"href":"https:\/\/infogandia.es\/index.php\/wp-json\/wp\/v2\/tags?post=1837"}],"curies":[{"name":"wp","href":"https:\/\/api.w.org\/{rel}","templated":true}]}}