{"id":1843,"date":"2023-11-22T17:59:17","date_gmt":"2023-11-22T17:59:17","guid":{"rendered":"https:\/\/infogandia.es\/?p=1843"},"modified":"2023-11-22T17:59:17","modified_gmt":"2023-11-22T17:59:17","slug":"gandia-celebrara-una-nova-reunio-del-forum-economic-i-social-dilluns-que-ve","status":"publish","type":"post","link":"https:\/\/infogandia.es\/index.php\/2023\/11\/22\/gandia-celebrara-una-nova-reunio-del-forum-economic-i-social-dilluns-que-ve\/","title":{"rendered":"Gandia celebrar\u00e0 una nova reuni\u00f3 del F\u00f2rum Econ\u00f2mic i Social dilluns que ve"},"content":{"rendered":"\n<p>L&#8217;alcalde de Gandia, Jos\u00e9 Manuel Prieto, ha anunciat aquest mat\u00ed que el pr\u00f2xim dilluns se celebrar\u00e0 una nova reuni\u00f3 del <strong>F\u00f2rum Econ\u00f2mic i Social<\/strong> a partir de les 9.30 hores a l&#8217;Urbalab.<br><br>La trobada, on est\u00e0 prevista la participaci\u00f3 de representants empresarials, sindicals i portaveus de les forces pol\u00edtiques representades a l&#8217;Ajuntament, t\u00e9 com a objectiu abordar les l\u00ednies mestres dels pressupostos de Gandia del pr\u00f2xim any aix\u00ed com les esmenes que com a ciutat es presenten de manera conjunta els grups parlamentaris de les Corts Valencianes.<br><br>Tal com ha recordat l&#8217;alcalde, els pressupostos de la Generalitat ja han estat publicats i el govern municipal est\u00e0 desenvolupant el document per als comptes municipals del pr\u00f2xim any.<br>&#8220;<em>Tots dos pressupostos han de contemplar les inversions que necessitem, les infraestructures que demanem i que han de ser una realitat en breu, i l&#8217;aposta pel nostre teixit productiu<\/em>&#8221; ha declarat la primera autoritat municipal qui ha incidit en la import\u00e0ncia del di\u00e0leg i consens en els temes de ciutat.<br><br>Per acabar, Prieto ha avan\u00e7at que durant la reuni\u00f3 del F\u00f2rum proposar\u00e0 la constituci\u00f3 d&#8217;un \u00f2rgan de car\u00e0cter permanent: el Consell Econ\u00f2mic i Social de Gandia. Un organisme on participaran tots els agents implicats, els actors socials i pol\u00edtics.<br>&#8220;<em>El que importa ara \u00e9s pensar en all\u00f2 que Gandia necessita i, sobretot, avan\u00e7ar, acordar, gestionar, consensuar per aconseguir all\u00f2 que Gandia mereix per sobre dels interessos particulars o partidistes<\/em>&#8220;.\u00a0<\/p>\n","protected":false},"excerpt":{"rendered":"<p>Gandia celebrar\u00e0 una nova reuni\u00f3 del F\u00f2rum Econ\u00f2mic i Social dilluns que ve<\/p>\n","protected":false},"author":1,"featured_media":1844,"comment_status":"open","ping_status":"open","sticky":false,"template":"","format":"standard","meta":{"footnotes":""},"categories":[1],"tags":[68,30],"class_list":["post-1843","post","type-post","status-publish","format-standard","has-post-thumbnail","hentry","category-actualidad","tag-68","tag-gandia"],"_links":{"self":[{"href":"https:\/\/infogandia.es\/index.php\/wp-json\/wp\/v2\/posts\/1843","targetHints":{"allow":["GET"]}}],"collection":[{"href":"https:\/\/infogandia.es\/index.php\/wp-json\/wp\/v2\/posts"}],"about":[{"href":"https:\/\/infogandia.es\/index.php\/wp-json\/wp\/v2\/types\/post"}],"author":[{"embeddable":true,"href":"https:\/\/infogandia.es\/index.php\/wp-json\/wp\/v2\/users\/1"}],"replies":[{"embeddable":true,"href":"https:\/\/infogandia.es\/index.php\/wp-json\/wp\/v2\/comments?post=1843"}],"version-history":[{"count":1,"href":"https:\/\/infogandia.es\/index.php\/wp-json\/wp\/v2\/posts\/1843\/revisions"}],"predecessor-version":[{"id":1845,"href":"https:\/\/infogandia.es\/index.php\/wp-json\/wp\/v2\/posts\/1843\/revisions\/1845"}],"wp:featuredmedia":[{"embeddable":true,"href":"https:\/\/infogandia.es\/index.php\/wp-json\/wp\/v2\/media\/1844"}],"wp:attachment":[{"href":"https:\/\/infogandia.es\/index.php\/wp-json\/wp\/v2\/media?parent=1843"}],"wp:term":[{"taxonomy":"category","embeddable":true,"href":"https:\/\/infogandia.es\/index.php\/wp-json\/wp\/v2\/categories?post=1843"},{"taxonomy":"post_tag","embeddable":true,"href":"https:\/\/infogandia.es\/index.php\/wp-json\/wp\/v2\/tags?post=1843"}],"curies":[{"name":"wp","href":"https:\/\/api.w.org\/{rel}","templated":true}]}}