{"id":1846,"date":"2023-11-24T09:54:39","date_gmt":"2023-11-24T09:54:39","guid":{"rendered":"https:\/\/infogandia.es\/?p=1846"},"modified":"2023-11-24T09:54:39","modified_gmt":"2023-11-24T09:54:39","slug":"gandia-inicia-los-tramites-para-generar-una-nueva-zona-de-oportunidades-en-santa-anna","status":"publish","type":"post","link":"https:\/\/infogandia.es\/index.php\/2023\/11\/24\/gandia-inicia-los-tramites-para-generar-una-nueva-zona-de-oportunidades-en-santa-anna\/","title":{"rendered":"Gandia inicia los tr\u00e1mites para generar una nueva zona de oportunidades en Santa Anna"},"content":{"rendered":"\n<p>La Junta de Gobierno aprob\u00f3 el pasado lunes el inicio del tr\u00e1mite para llevar a cabo una modificaci\u00f3n del Plan General que permitir\u00e1 habilitar en la entrada norte de Gandia, junto a Santa Anna, una nueva \u00e1rea de sector terciario de m\u00e1s de 30.000 m\u00b2 nuevos de suelo comercial que proceden de 15 parcelas catastrales.<\/p>\n\n\n\n<p>As\u00ed lo ha anunciado el alcalde de Gand\u00eda, Jos\u00e9 Manuel Prieto, quien compareci\u00f3 en rueda de prensa junto al concejal delegado de Urbanismo, Vicent Mascarell y el presidente de la Junta de Distrito de Santa Ana, Salvador Gregori.<\/p>\n\n\n\n<p>La iniciativa contempla adem\u00e1s la creaci\u00f3n de un nuevo bulevar en el camino de Baix de Santa Anna que arrancar\u00e1 desde una rotonda situada en la c\/ del Mond\u00faver y que conectar\u00e1 con la existente de la avenida de Valencia con el pol\u00edgono Alcodar. Un bulevar de dos sentidos con aceras arboladas, zona de aparcamiento y carril ciclopeatonal.<\/p>\n\n\n\n<p>La actuaci\u00f3n tambi\u00e9n conectar\u00e1 las nuevas zonas verdes que se contemplan en la actuaci\u00f3n, generando un eje natural con el Parque Periurbano, que har\u00e1 posible que esta entrada de la ciudad pase de ser un espacio poco consolidado en una zona con identidad, generando un espacio agradable y natural que d\u00e9 la bienvenida a Gandia. Y todo gracias a un proceso administrativo que permitir\u00e1 que una zona deteriorada y con suelo en desuso se convierta en suelo comercial e industrial para la peque\u00f1a industria y espacios ganados para la ciudadan\u00eda.<br>El proyecto fue presentado ayer a los vecinos y comerciantes de la zona que lo valoraron positivamente de forma un\u00e1nime.El alcalde ha destacado que su intervenci\u00f3n complementa una de las mayores inversiones que se han realizado en Gandia como es el Palacio de Justicia con cerca de 21 millones de presupuesto y que cuya apertura est\u00e1 prevista para el mes de abril, tal y como han informado desde la Conselleria.<\/p>\n\n\n\n<p>&#8220;Esta medida aumentar\u00e1 la capacidad de atracci\u00f3n de nuevas inversiones, sobre todo, comercios o peque\u00f1as industrias que siguen dinamizando la econom\u00eda y generando empleo&#8221; ha explicado Prieto quien ha incidido en que con esta actuaci\u00f3n se &#8220;dignifica la entrada norte de la ciudad generando un acceso m\u00e1s c\u00f3mo, humanizado y seguro a los vecinos y todos aquellos que acudan al Palacio de Justicia oa visitar el parque periurbano&#8221;.<\/p>\n\n\n\n<p>Sobre las ventajas para el barrio, la primera autoridad municipal destac\u00f3 el incremento de plazas de estacionamiento (cerca de 200 plazas). &#8220;El Palacio de Justicia incrementar\u00e1 la afluencia de personas en la barriada adem\u00e1s de concentrar nuevos servicios. Es un cambio importante, de envergadura donde todo el mundo gana: el acceso norte, los vecinos de Santa Anna y Gandia, porque se generar\u00e1 un nuevo espacio de crecimiento de suelo&nbsp;comercial&#8221;.<\/p>\n","protected":false},"excerpt":{"rendered":"<p>La Junta de Gobierno aprob\u00f3 el pasado lunes el inicio del tr\u00e1mite para llevar a cabo una modificaci\u00f3n del Plan General que permitir\u00e1 habilitar en la entrada norte de Gandia, junto a Santa Anna, una nueva \u00e1rea de sector terciario de m\u00e1s de 30.000 m\u00b2 nuevos de suelo comercial que proceden de 15 parcelas catastrales&#8230;.<\/p>\n","protected":false},"author":1,"featured_media":1847,"comment_status":"open","ping_status":"open","sticky":false,"template":"","format":"standard","meta":{"footnotes":""},"categories":[1],"tags":[],"class_list":["post-1846","post","type-post","status-publish","format-standard","has-post-thumbnail","hentry","category-actualidad"],"_links":{"self":[{"href":"https:\/\/infogandia.es\/index.php\/wp-json\/wp\/v2\/posts\/1846","targetHints":{"allow":["GET"]}}],"collection":[{"href":"https:\/\/infogandia.es\/index.php\/wp-json\/wp\/v2\/posts"}],"about":[{"href":"https:\/\/infogandia.es\/index.php\/wp-json\/wp\/v2\/types\/post"}],"author":[{"embeddable":true,"href":"https:\/\/infogandia.es\/index.php\/wp-json\/wp\/v2\/users\/1"}],"replies":[{"embeddable":true,"href":"https:\/\/infogandia.es\/index.php\/wp-json\/wp\/v2\/comments?post=1846"}],"version-history":[{"count":1,"href":"https:\/\/infogandia.es\/index.php\/wp-json\/wp\/v2\/posts\/1846\/revisions"}],"predecessor-version":[{"id":1848,"href":"https:\/\/infogandia.es\/index.php\/wp-json\/wp\/v2\/posts\/1846\/revisions\/1848"}],"wp:featuredmedia":[{"embeddable":true,"href":"https:\/\/infogandia.es\/index.php\/wp-json\/wp\/v2\/media\/1847"}],"wp:attachment":[{"href":"https:\/\/infogandia.es\/index.php\/wp-json\/wp\/v2\/media?parent=1846"}],"wp:term":[{"taxonomy":"category","embeddable":true,"href":"https:\/\/infogandia.es\/index.php\/wp-json\/wp\/v2\/categories?post=1846"},{"taxonomy":"post_tag","embeddable":true,"href":"https:\/\/infogandia.es\/index.php\/wp-json\/wp\/v2\/tags?post=1846"}],"curies":[{"name":"wp","href":"https:\/\/api.w.org\/{rel}","templated":true}]}}