{"id":1861,"date":"2023-11-24T09:58:19","date_gmt":"2023-11-24T09:58:19","guid":{"rendered":"https:\/\/infogandia.es\/?p=1861"},"modified":"2023-11-24T09:58:19","modified_gmt":"2023-11-24T09:58:19","slug":"mar-beltran-pide-la-dimision-de-alicia-izquierdo-por-el-incendio-de-la-ermita-de-sant-vicent-de-gandia","status":"publish","type":"post","link":"https:\/\/infogandia.es\/index.php\/2023\/11\/24\/mar-beltran-pide-la-dimision-de-alicia-izquierdo-por-el-incendio-de-la-ermita-de-sant-vicent-de-gandia\/","title":{"rendered":"Mar Beltr\u00e1n pide la dimisi\u00f3n de Al\u00edcia Izquierdo por el incendio de la ermita de Sant Vicent de Gandia"},"content":{"rendered":"\n<p>La concejala del Partido Popular, Mar Beltr\u00e1n, ha pedido esta ma\u00f1ana el cese de la responsable de Patrimonio del Ayuntamiento de Gandia, Al\u00edcia Izquierdo. Exige tambi\u00e9n responsabilidades sobre el reciente incendio que ha afectado a la ermita de San Vicent y la dejadez del patrimonio de la ciudad.<\/p>\n\n\n\n<p>Desde el Partido Popular lamentan que se est\u00e9 perdiendo el patrimonio local y Beltr\u00e1n ha se\u00f1alado a la concejala nacionalista como \u00fanica responsable de su deterioro y abandono. Se ha mostrado entristecida porque no se invierta presupuesto a la conservaci\u00f3n.Sobre este asunto ha respondido la concejala de Patrimonio, Al\u00edcia Izquierdo. Seg\u00fan ha se\u00f1alado, se trata de una acusaci\u00f3n personal. Asegura que en la reuni\u00f3n de la Comisi\u00f3n de Patrimonio, de la que no forma parte Beltr\u00e1n, ha explicado todas las cuestiones relacionadas con la ermita de San Vicente.Un proyecto y una partida presupuestaria que, seg\u00fan ha indicado Izquierdo, tuvo que modificarse a causa de la pandemia. Tambi\u00e9n ha asegurado que tras conocer los presupuestos de Diputaci\u00f3n y la Generalitat Valencia estudiar\u00e1 las subvenciones en materia patrimonial que puedan llegar&nbsp;a&nbsp;Gandia.<\/p>\n","protected":false},"excerpt":{"rendered":"<p>Mar Beltr\u00e1n pide la dimisi\u00f3n de Al\u00edcia Izquierdo por el incendio de la ermita de Sant Vicent de Gandia.<\/p>\n","protected":false},"author":1,"featured_media":1862,"comment_status":"open","ping_status":"open","sticky":false,"template":"","format":"standard","meta":{"footnotes":""},"categories":[1,3,27],"tags":[],"class_list":["post-1861","post","type-post","status-publish","format-standard","has-post-thumbnail","hentry","category-actualidad","category-politica","category-sociedad"],"_links":{"self":[{"href":"https:\/\/infogandia.es\/index.php\/wp-json\/wp\/v2\/posts\/1861","targetHints":{"allow":["GET"]}}],"collection":[{"href":"https:\/\/infogandia.es\/index.php\/wp-json\/wp\/v2\/posts"}],"about":[{"href":"https:\/\/infogandia.es\/index.php\/wp-json\/wp\/v2\/types\/post"}],"author":[{"embeddable":true,"href":"https:\/\/infogandia.es\/index.php\/wp-json\/wp\/v2\/users\/1"}],"replies":[{"embeddable":true,"href":"https:\/\/infogandia.es\/index.php\/wp-json\/wp\/v2\/comments?post=1861"}],"version-history":[{"count":1,"href":"https:\/\/infogandia.es\/index.php\/wp-json\/wp\/v2\/posts\/1861\/revisions"}],"predecessor-version":[{"id":1863,"href":"https:\/\/infogandia.es\/index.php\/wp-json\/wp\/v2\/posts\/1861\/revisions\/1863"}],"wp:featuredmedia":[{"embeddable":true,"href":"https:\/\/infogandia.es\/index.php\/wp-json\/wp\/v2\/media\/1862"}],"wp:attachment":[{"href":"https:\/\/infogandia.es\/index.php\/wp-json\/wp\/v2\/media?parent=1861"}],"wp:term":[{"taxonomy":"category","embeddable":true,"href":"https:\/\/infogandia.es\/index.php\/wp-json\/wp\/v2\/categories?post=1861"},{"taxonomy":"post_tag","embeddable":true,"href":"https:\/\/infogandia.es\/index.php\/wp-json\/wp\/v2\/tags?post=1861"}],"curies":[{"name":"wp","href":"https:\/\/api.w.org\/{rel}","templated":true}]}}