{"id":1868,"date":"2023-11-25T18:20:29","date_gmt":"2023-11-25T18:20:29","guid":{"rendered":"https:\/\/infogandia.es\/?p=1868"},"modified":"2023-11-25T18:20:29","modified_gmt":"2023-11-25T18:20:29","slug":"el-pp-de-gandia-refuerza-su-ejecutiva-incorporando-a-maria-femenia-y-deborah-alvarez","status":"publish","type":"post","link":"https:\/\/infogandia.es\/index.php\/2023\/11\/25\/el-pp-de-gandia-refuerza-su-ejecutiva-incorporando-a-maria-femenia-y-deborah-alvarez\/","title":{"rendered":"El PP de Gandia refuerza su ejecutiva incorporando a Mar\u00eda Femen\u00eda y Deborah \u00c1lvarez"},"content":{"rendered":"\n<p>La sede del Partido Popular de Gandia acogi\u00f3 una reuni\u00f3n de su Comit\u00e9 Ejecutivo con la mirada puesta en el nuevo a\u00f1o que se iniciar\u00e1 en unas semanas.<\/p>\n\n\n\n<p>El primer punto en el orden del d\u00eda fue la incorporaci\u00f3n de dos nuevas incorporaciones a su Comit\u00e9 Ejecutivo como Maria Femen\u00eda y Deborah \u00c1lvarez en calidad de vocales para reforzar transversalmente la ejecutiva del partido.<\/p>\n\n\n\n<p>Por otro lado, se han marcado una agenda de actividades para los pr\u00f3ximos meses con del objetivo de mantener la actividad del partido presidido por el presidente, V\u00edctor Soler BeneytoLa ejecutiva del Partido Popular de Gandia se posicion\u00f3 tambi\u00e9n en contra de la ley de amnist\u00eda propuesta por el PSOE de Pedro S\u00e1nchez ante el silencio de Jos\u00e9 Manuel Prieto.<\/p>\n\n\n\n<p>Para el presidente popular esta reuni\u00f3n supone &#8220;mostrar a la ciudadan\u00eda el compromiso del PP de Gandia con la ciudad que tanto queremos. Seguiremos proponiendo nuevas propuestas e iniciativas, as\u00ed como defender a Gandia en todas las administraciones.&#8221;<\/p>\n","protected":false},"excerpt":{"rendered":"<p>La sede del Partido Popular de Gandia acogi\u00f3 una reuni\u00f3n de su Comit\u00e9 Ejecutivo con la mirada puesta en el nuevo a\u00f1o que se iniciar\u00e1 en unas semanas. El primer punto en el orden del d\u00eda fue la incorporaci\u00f3n de dos nuevas incorporaciones a su Comit\u00e9 Ejecutivo como Maria Femen\u00eda y Deborah \u00c1lvarez en calidad&#8230;<\/p>\n","protected":false},"author":1,"featured_media":1869,"comment_status":"open","ping_status":"open","sticky":false,"template":"","format":"standard","meta":{"footnotes":""},"categories":[1,3],"tags":[68,30],"class_list":["post-1868","post","type-post","status-publish","format-standard","has-post-thumbnail","hentry","category-actualidad","category-politica","tag-68","tag-gandia"],"_links":{"self":[{"href":"https:\/\/infogandia.es\/index.php\/wp-json\/wp\/v2\/posts\/1868","targetHints":{"allow":["GET"]}}],"collection":[{"href":"https:\/\/infogandia.es\/index.php\/wp-json\/wp\/v2\/posts"}],"about":[{"href":"https:\/\/infogandia.es\/index.php\/wp-json\/wp\/v2\/types\/post"}],"author":[{"embeddable":true,"href":"https:\/\/infogandia.es\/index.php\/wp-json\/wp\/v2\/users\/1"}],"replies":[{"embeddable":true,"href":"https:\/\/infogandia.es\/index.php\/wp-json\/wp\/v2\/comments?post=1868"}],"version-history":[{"count":1,"href":"https:\/\/infogandia.es\/index.php\/wp-json\/wp\/v2\/posts\/1868\/revisions"}],"predecessor-version":[{"id":1870,"href":"https:\/\/infogandia.es\/index.php\/wp-json\/wp\/v2\/posts\/1868\/revisions\/1870"}],"wp:featuredmedia":[{"embeddable":true,"href":"https:\/\/infogandia.es\/index.php\/wp-json\/wp\/v2\/media\/1869"}],"wp:attachment":[{"href":"https:\/\/infogandia.es\/index.php\/wp-json\/wp\/v2\/media?parent=1868"}],"wp:term":[{"taxonomy":"category","embeddable":true,"href":"https:\/\/infogandia.es\/index.php\/wp-json\/wp\/v2\/categories?post=1868"},{"taxonomy":"post_tag","embeddable":true,"href":"https:\/\/infogandia.es\/index.php\/wp-json\/wp\/v2\/tags?post=1868"}],"curies":[{"name":"wp","href":"https:\/\/api.w.org\/{rel}","templated":true}]}}