{"id":1871,"date":"2023-11-25T18:22:21","date_gmt":"2023-11-25T18:22:21","guid":{"rendered":"https:\/\/infogandia.es\/?p=1871"},"modified":"2023-11-25T18:22:21","modified_gmt":"2023-11-25T18:22:21","slug":"gandia-se-une-a-la-lucha-contra-la-lacra-social-de-la-violencia-de-genero","status":"publish","type":"post","link":"https:\/\/infogandia.es\/index.php\/2023\/11\/25\/gandia-se-une-a-la-lucha-contra-la-lacra-social-de-la-violencia-de-genero\/","title":{"rendered":"Gandia se une a la lucha contra la lacra social de la violencia de g\u00e9nero"},"content":{"rendered":"\n<p>La plaza Mayor de Gandia acogi\u00f3 a las 12 horas, 24 de noviembre, la lectura de un manifiesto con motivo del D\u00eda Internacional en contra de la Violencia de G\u00e9nero, que se conmemora ma\u00f1ana, s\u00e1bado 25 de noviembre.Antes del discurso, se ha guardado un minuto de silencio por las v\u00edctimas que esta lacra social ha dejado a su paso durante 2023. Este a\u00f1o, la escritora Adriana Serlik, ha sido la encargada de manifestar, entre otras cosas, \u201cla condena absoluta a los maltratadores, que son el m\u00e1ximo exponente del machismo y carecen de cabida en esta sociedad\u201d.Adem\u00e1s, ha recordado que este grave problema, no s\u00f3lo ha supuesto la muerte de m\u00e1s de 1.236 mujeres en Espa\u00f1a desde 2003, sino que tambi\u00e9n ha afectado a \u201csus hijos e hijas, tan v\u00edctimas como ellas\u201d. Serlik ha destacado que se trata &#8220;de una realidad dur\u00edsima&#8221; con la que s\u00f3lo se podr\u00e1 acabar si todas las administraciones, gobiernos locales, medios de comunicaci\u00f3n, y poderes del Estado &#8220;trabajan unidos&#8221;.Tras el manifiesto, se procedi\u00f3 a entregar los premios a los concursos de fotograf\u00eda y carteles celebrados desde la concejal\u00eda de Igualdad, Diversidad y LGTBIQ+ de la ciudad.Respecto a la categor\u00eda fotogr\u00e1fica, M\u00f3nica Vila Ferreiros, Alfredo Parra Prieto y Miriam Esparza Garc\u00eda, han recibido el primer, segundo y tercer premio. Por su parte, Maria Luisa Murillo Canales y Ashley Nicole Bonilla, del IES Tirant lo Blanc, as\u00ed como Victoria Marco Climent del IES Veles e Vents, se han hecho con el primer, segundo y tercer puesto del concurso de carteles .Al acto acudi\u00f3 el alcalde de Gand\u00eda, Jos\u00e9 Manuel Prieto, acompa\u00f1ado de la concejala delegada de Igualdad y Pol\u00edticas Inclusivas, Maribel Codina, y de otros miembros de la corporaci\u00f3n municipal.Por \u00faltimo, hay que a\u00f1adir que el evento, que ha terminado con diferentes personalidades y representantes de diversas asociaciones municipales colgando una pancarta en la fachada del Ayuntamiento, forma parte de un programa organizado por el departamento de Igualdad.As\u00ed pues, durante la jornada de ma\u00f1ana, en horario de 16 a 21 horas, se instalar\u00e1 un punto violeta en la plaza del Tirant y, a las 18 horas, Juana Mir\u00f3 leer\u00e1 escritos de mujeres v\u00edctimas de la violencia de g\u00e9nero en la Casa de la Marquesa.Los actos acabar\u00e1n el pr\u00f3ximo mi\u00e9rcoles, d\u00eda 29, con la conferencia \u00abSocializaci\u00f3n preventiva de la violencia de g\u00e9nero. Soluciones efectivas para la infancia, la adolescencia y la juventud\u00bb, que estar\u00e1 en el edificio Tossal a las 20 horas.<\/p>\n","protected":false},"excerpt":{"rendered":"<p>Gandia se une a la lucha contra la lacra social de la violencia de g\u00e9nero.<\/p>\n","protected":false},"author":1,"featured_media":1872,"comment_status":"open","ping_status":"open","sticky":false,"template":"","format":"standard","meta":{"footnotes":""},"categories":[1],"tags":[68],"class_list":["post-1871","post","type-post","status-publish","format-standard","has-post-thumbnail","hentry","category-actualidad","tag-68"],"_links":{"self":[{"href":"https:\/\/infogandia.es\/index.php\/wp-json\/wp\/v2\/posts\/1871","targetHints":{"allow":["GET"]}}],"collection":[{"href":"https:\/\/infogandia.es\/index.php\/wp-json\/wp\/v2\/posts"}],"about":[{"href":"https:\/\/infogandia.es\/index.php\/wp-json\/wp\/v2\/types\/post"}],"author":[{"embeddable":true,"href":"https:\/\/infogandia.es\/index.php\/wp-json\/wp\/v2\/users\/1"}],"replies":[{"embeddable":true,"href":"https:\/\/infogandia.es\/index.php\/wp-json\/wp\/v2\/comments?post=1871"}],"version-history":[{"count":1,"href":"https:\/\/infogandia.es\/index.php\/wp-json\/wp\/v2\/posts\/1871\/revisions"}],"predecessor-version":[{"id":1873,"href":"https:\/\/infogandia.es\/index.php\/wp-json\/wp\/v2\/posts\/1871\/revisions\/1873"}],"wp:featuredmedia":[{"embeddable":true,"href":"https:\/\/infogandia.es\/index.php\/wp-json\/wp\/v2\/media\/1872"}],"wp:attachment":[{"href":"https:\/\/infogandia.es\/index.php\/wp-json\/wp\/v2\/media?parent=1871"}],"wp:term":[{"taxonomy":"category","embeddable":true,"href":"https:\/\/infogandia.es\/index.php\/wp-json\/wp\/v2\/categories?post=1871"},{"taxonomy":"post_tag","embeddable":true,"href":"https:\/\/infogandia.es\/index.php\/wp-json\/wp\/v2\/tags?post=1871"}],"curies":[{"name":"wp","href":"https:\/\/api.w.org\/{rel}","templated":true}]}}