{"id":1874,"date":"2023-11-25T18:23:26","date_gmt":"2023-11-25T18:23:26","guid":{"rendered":"https:\/\/infogandia.es\/?p=1874"},"modified":"2023-11-25T18:23:27","modified_gmt":"2023-11-25T18:23:27","slug":"arranca-la-25-edicio-de-les-festes-de-sant-nicolau-al-grau-de-gandia","status":"publish","type":"post","link":"https:\/\/infogandia.es\/index.php\/2023\/11\/25\/arranca-la-25-edicio-de-les-festes-de-sant-nicolau-al-grau-de-gandia\/","title":{"rendered":"Arranca la 25 edici\u00f3 de les festes de Sant Nicolau al Grau de Gandia"},"content":{"rendered":"\n<p>El presidente de la Junta de Distrito del Grao y la playa, Miguel \u00c1ngel Picornell; la presidenta de la Cofrad\u00eda de San Nicol\u00e1s, Filo Mas; la madrina Isabel Colomer, y el clavarito de este a\u00f1o, Tom\u00e1s Morojosa, presentaron hoy el programa de las fiestas de Sant Nicolau, que arrancar\u00e1n hoy viernes, 24 de noviembre.Como ha explicado el concejal, esta edici\u00f3n es muy importante porque, &#8220;aunque est\u00e1 documentado que ya se llevaba a cabo en el s.XVIII, hace 25 a\u00f1os que naci\u00f3 la Cofrad\u00eda de San Nicol\u00e1s y reanud\u00f3 esta semana festiva&#8221;.Las celebraciones empezar\u00e1n hoy a las 21 horas con la noche de amanecer, y seguir\u00e1n con la misa en la iglesia de Sant Nicolau y el preg\u00f3n inaugural de este domingo que tendr\u00e1n lugar a las 10 y las 11 de la ma\u00f1ana, respectivamente. Esa misma tarde, el sal\u00f3n de actos del Grau acoger\u00e1 el evento del 25 aniversario de la cofrad\u00eda de la fiesta.El lunes 27, martes 28 y mi\u00e9rcoles 29, a las 18 horas, tendr\u00e1n lugar las tradicionales caminatas, que ir\u00e1n desde la iglesia de San Nicol\u00e1s hasta la de Santa Mar\u00eda del Mar. Mas ha recalcado que, al terminar, los participantes podr\u00e1n disfrutar de una degustaci\u00f3n de casta\u00f1as y mistela.El s\u00e1bado 2 de diciembre habr\u00e1 una cena del 25 aniversario en el Centro de Convivencia de Mayores del Grao, para la que es necesario adquirir entradas. El domingo ser\u00e1 el D\u00eda del Clavario, que tendr\u00e1 como protagonista a Morojosa. El d\u00eda empezar\u00e1 a las 10 horas con una misa y una chocolatada, y seguir\u00e1 a las 11 horas con la desperta infantil.Por su parte, la mara\u00f1a del puerto ser\u00e1 el escenario de los juegos populares y el concurso de paellas de las 13 horas, as\u00ed como de la actuaci\u00f3n del grupo La Diferencia y el tardeo con La Seu.El martes 5 de diciembre, habr\u00e1 un concierto del grupo de C\u00e1mara y Orquesta de la Escuela de M\u00fasica del Distrito Mar\u00edtimo del Grao, que tendr\u00e1 lugar en la iglesia de Sant Nicolau a las 20.30 horas.Por \u00faltimo, el mi\u00e9rcoles 6 de diciembre ser\u00e1 el d\u00eda grande de la semana, para el que se ha preparado una variada jornada en honor al patr\u00f3n de la festividad. Entre otras cosas, habr\u00e1 un despertado a las 8 horas, un pasacalle a las 11.15 horas y una misa a las 12 horas.A las 14 horas, empezar\u00e1 la t\u00edpica comida de hermandad ya las 17.30 horas los vecinos recoger\u00e1n en la madrina de este a\u00f1o. El punto final de la semana ser\u00e1 la procesi\u00f3n de las 18 horas, que contar\u00e1 con un castillo de fuegos artificiales a cargo de la Pirotecnia Borred\u00e0.Colomer ha aprovechado la ocasi\u00f3n para invitar, tanto a la gente del Grao como a las personas de la comarca de la Safor, a que disfruten de la fiesta. Adem\u00e1s, ha a\u00f1adido que para ella es &#8220;todo un orgullo&#8221; ser la representante de una edici\u00f3n &#8220;tan importante como la de este a\u00f1o&#8221;.<\/p>\n","protected":false},"excerpt":{"rendered":"<p>Arranca la 25 edici\u00f3 de les festes de Sant Nicolau al Grau de Gandia.<\/p>\n","protected":false},"author":1,"featured_media":1875,"comment_status":"open","ping_status":"open","sticky":false,"template":"","format":"standard","meta":{"footnotes":""},"categories":[1],"tags":[],"class_list":["post-1874","post","type-post","status-publish","format-standard","has-post-thumbnail","hentry","category-actualidad"],"_links":{"self":[{"href":"https:\/\/infogandia.es\/index.php\/wp-json\/wp\/v2\/posts\/1874","targetHints":{"allow":["GET"]}}],"collection":[{"href":"https:\/\/infogandia.es\/index.php\/wp-json\/wp\/v2\/posts"}],"about":[{"href":"https:\/\/infogandia.es\/index.php\/wp-json\/wp\/v2\/types\/post"}],"author":[{"embeddable":true,"href":"https:\/\/infogandia.es\/index.php\/wp-json\/wp\/v2\/users\/1"}],"replies":[{"embeddable":true,"href":"https:\/\/infogandia.es\/index.php\/wp-json\/wp\/v2\/comments?post=1874"}],"version-history":[{"count":1,"href":"https:\/\/infogandia.es\/index.php\/wp-json\/wp\/v2\/posts\/1874\/revisions"}],"predecessor-version":[{"id":1876,"href":"https:\/\/infogandia.es\/index.php\/wp-json\/wp\/v2\/posts\/1874\/revisions\/1876"}],"wp:featuredmedia":[{"embeddable":true,"href":"https:\/\/infogandia.es\/index.php\/wp-json\/wp\/v2\/media\/1875"}],"wp:attachment":[{"href":"https:\/\/infogandia.es\/index.php\/wp-json\/wp\/v2\/media?parent=1874"}],"wp:term":[{"taxonomy":"category","embeddable":true,"href":"https:\/\/infogandia.es\/index.php\/wp-json\/wp\/v2\/categories?post=1874"},{"taxonomy":"post_tag","embeddable":true,"href":"https:\/\/infogandia.es\/index.php\/wp-json\/wp\/v2\/tags?post=1874"}],"curies":[{"name":"wp","href":"https:\/\/api.w.org\/{rel}","templated":true}]}}