{"id":1877,"date":"2023-11-25T18:24:49","date_gmt":"2023-11-25T18:24:49","guid":{"rendered":"https:\/\/infogandia.es\/?p=1877"},"modified":"2023-11-25T18:24:50","modified_gmt":"2023-11-25T18:24:50","slug":"el-ayuntamiento-de-gandia-adquiere-el-local-que-alojara-el-futuro-museo-de-la-semana-santa","status":"publish","type":"post","link":"https:\/\/infogandia.es\/index.php\/2023\/11\/25\/el-ayuntamiento-de-gandia-adquiere-el-local-que-alojara-el-futuro-museo-de-la-semana-santa\/","title":{"rendered":"El Ayuntamiento de Gandia adquiere el local que alojar\u00e1 el futuro Museo de la Semana Santa"},"content":{"rendered":"\n<p>La Semana Santa tiene ya un local para el futuro Museo. Tras finalizar el proceso para adquirir un inmueble que pudiera albergar la instalaci\u00f3n, se present\u00f3 una oferta que cumpl\u00eda las caracter\u00edsticas que se solicitaban en el pliego de condiciones redactado por el consistorio y que, previamente, hab\u00edan sido acordadas con la Junta Mayor de Hermandades de la Semana Santa como eran tener un m\u00ednimo de planta de 1.000 metros cuadrados; un espacio c\u00e9ntrico y accesible con facilidades para la entrada y salida de las im\u00e1genes, y cercano al inicio del itinerario de la procesi\u00f3n de Viernes Santo; adem\u00e1s de una altura m\u00ednima de 8 metros para evitar que se estropeen las obras de imaginer\u00eda durante sus traslados.Por \u00faltimo, el Ayuntamiento de Gandia ha adquirido lo que antiguamente fuera el &#8220;taller Rodr\u00edguez-Alfaro&#8221; situado entre las calles San Rafael y Ferrocarril de Alcoy. De esta forma, la Semana Santa gandiense ya dispone de un local municipal donde guardar las im\u00e1genes.El concejal delegado de la Semana Santa, Miquel \u00c0ngel Picornell ha mostrado su satisfacci\u00f3n. &#8220;Hoy es un gran d\u00eda para la Semana Santa. Ya podemos decir que el futuro museo comienza a ser una realidad gracias a un nuevo compromiso cumplido por el alcalde y el gobierno municipal&#8221; y ha a\u00f1adido que ahora tanto la Junta Mayor de Hermandades como las propias Hermandades tienen v\u00eda verde para decidir los usos del local.<\/p>\n","protected":false},"excerpt":{"rendered":"<p>El Ayuntamiento de Gandia adquiere el local que alojar\u00e1 el futuro Museo de la Semana Santa.<\/p>\n","protected":false},"author":1,"featured_media":1878,"comment_status":"open","ping_status":"open","sticky":false,"template":"","format":"standard","meta":{"footnotes":""},"categories":[1,27],"tags":[68,30],"class_list":["post-1877","post","type-post","status-publish","format-standard","has-post-thumbnail","hentry","category-actualidad","category-sociedad","tag-68","tag-gandia"],"_links":{"self":[{"href":"https:\/\/infogandia.es\/index.php\/wp-json\/wp\/v2\/posts\/1877","targetHints":{"allow":["GET"]}}],"collection":[{"href":"https:\/\/infogandia.es\/index.php\/wp-json\/wp\/v2\/posts"}],"about":[{"href":"https:\/\/infogandia.es\/index.php\/wp-json\/wp\/v2\/types\/post"}],"author":[{"embeddable":true,"href":"https:\/\/infogandia.es\/index.php\/wp-json\/wp\/v2\/users\/1"}],"replies":[{"embeddable":true,"href":"https:\/\/infogandia.es\/index.php\/wp-json\/wp\/v2\/comments?post=1877"}],"version-history":[{"count":1,"href":"https:\/\/infogandia.es\/index.php\/wp-json\/wp\/v2\/posts\/1877\/revisions"}],"predecessor-version":[{"id":1879,"href":"https:\/\/infogandia.es\/index.php\/wp-json\/wp\/v2\/posts\/1877\/revisions\/1879"}],"wp:featuredmedia":[{"embeddable":true,"href":"https:\/\/infogandia.es\/index.php\/wp-json\/wp\/v2\/media\/1878"}],"wp:attachment":[{"href":"https:\/\/infogandia.es\/index.php\/wp-json\/wp\/v2\/media?parent=1877"}],"wp:term":[{"taxonomy":"category","embeddable":true,"href":"https:\/\/infogandia.es\/index.php\/wp-json\/wp\/v2\/categories?post=1877"},{"taxonomy":"post_tag","embeddable":true,"href":"https:\/\/infogandia.es\/index.php\/wp-json\/wp\/v2\/tags?post=1877"}],"curies":[{"name":"wp","href":"https:\/\/api.w.org\/{rel}","templated":true}]}}