{"id":1880,"date":"2023-11-25T18:26:07","date_gmt":"2023-11-25T18:26:07","guid":{"rendered":"https:\/\/infogandia.es\/?p=1880"},"modified":"2023-11-25T18:26:08","modified_gmt":"2023-11-25T18:26:08","slug":"ya-se-puede-consultar-la-programacion-de-la-ii-feria-de-montana-de-la-safor","status":"publish","type":"post","link":"https:\/\/infogandia.es\/index.php\/2023\/11\/25\/ya-se-puede-consultar-la-programacion-de-la-ii-feria-de-montana-de-la-safor\/","title":{"rendered":"Ya se puede consultar la programaci\u00f3n de la II Feria de Monta\u00f1a de la Safor"},"content":{"rendered":"\n<p>El \u00e1rea de Medio Ambiente, Sostenibilidad y Emergencia Clim\u00e1tica, en colaboraci\u00f3n con el Centro Excursionista de Gandia, organizador de este a\u00f1o, ha presentado la programaci\u00f3n completa de la II Feria de Monta\u00f1a de la Safor, que se desarrollar\u00e1 entre el 30 de noviembre y el 3 de diciembre en el Teatro Serrano y en Marxuquera.La II Feria de Monta\u00f1a quiere ir m\u00e1s all\u00e1 de lo que es lo deportivo y promover la monta\u00f1a tambi\u00e9n desde el punto vista paisaj\u00edstico, cultural o verde.ProgramaLa programaci\u00f3n tiene dos partes diferenciadas: Jueves 30 de noviembre y viernes 1 de diciembre en el Teatro Serrano, II Muestra de Cine de Monta\u00f1a (MONEM), con la proyecci\u00f3n de documentales y la participaci\u00f3n de los autores\/as y personas relevantes del excursionismo y el alpinismo en el estado. Posteriormente, habr\u00e1 coloquio con el p\u00fablico.Del 1 al 3 de diciembre, en el Centro Social de Marxuquera, se han programado charlas y debates sobre medio ambiente, fauna, incendios forestales&#8230;; conciertos; comidas populares; talleres de los colectivos comarcales del sector que participan; excursiones (s\u00e1bado y domingo por la ma\u00f1ana); presentaciones de libros y revista; demostraci\u00f3n de rescate en monta\u00f1a a cargo del Consorcio Provincial de Bomberos&#8230;<\/p>\n","protected":false},"excerpt":{"rendered":"<p>Ya se puede consultar la programaci\u00f3n de la II Feria de Monta\u00f1a de la Safor.<\/p>\n","protected":false},"author":1,"featured_media":1881,"comment_status":"open","ping_status":"open","sticky":false,"template":"","format":"standard","meta":{"footnotes":""},"categories":[1,57],"tags":[68,30],"class_list":["post-1880","post","type-post","status-publish","format-standard","has-post-thumbnail","hentry","category-actualidad","category-turismo","tag-68","tag-gandia"],"_links":{"self":[{"href":"https:\/\/infogandia.es\/index.php\/wp-json\/wp\/v2\/posts\/1880","targetHints":{"allow":["GET"]}}],"collection":[{"href":"https:\/\/infogandia.es\/index.php\/wp-json\/wp\/v2\/posts"}],"about":[{"href":"https:\/\/infogandia.es\/index.php\/wp-json\/wp\/v2\/types\/post"}],"author":[{"embeddable":true,"href":"https:\/\/infogandia.es\/index.php\/wp-json\/wp\/v2\/users\/1"}],"replies":[{"embeddable":true,"href":"https:\/\/infogandia.es\/index.php\/wp-json\/wp\/v2\/comments?post=1880"}],"version-history":[{"count":1,"href":"https:\/\/infogandia.es\/index.php\/wp-json\/wp\/v2\/posts\/1880\/revisions"}],"predecessor-version":[{"id":1882,"href":"https:\/\/infogandia.es\/index.php\/wp-json\/wp\/v2\/posts\/1880\/revisions\/1882"}],"wp:featuredmedia":[{"embeddable":true,"href":"https:\/\/infogandia.es\/index.php\/wp-json\/wp\/v2\/media\/1881"}],"wp:attachment":[{"href":"https:\/\/infogandia.es\/index.php\/wp-json\/wp\/v2\/media?parent=1880"}],"wp:term":[{"taxonomy":"category","embeddable":true,"href":"https:\/\/infogandia.es\/index.php\/wp-json\/wp\/v2\/categories?post=1880"},{"taxonomy":"post_tag","embeddable":true,"href":"https:\/\/infogandia.es\/index.php\/wp-json\/wp\/v2\/tags?post=1880"}],"curies":[{"name":"wp","href":"https:\/\/api.w.org\/{rel}","templated":true}]}}