{"id":1886,"date":"2023-11-27T17:12:22","date_gmt":"2023-11-27T17:12:22","guid":{"rendered":"https:\/\/infogandia.es\/?p=1886"},"modified":"2023-11-27T17:12:22","modified_gmt":"2023-11-27T17:12:22","slug":"el-verdadero-origen-del-incendio-de-montichelvo","status":"publish","type":"post","link":"https:\/\/infogandia.es\/index.php\/2023\/11\/27\/el-verdadero-origen-del-incendio-de-montichelvo\/","title":{"rendered":"El verdadero origen del incendio de Montichelvo"},"content":{"rendered":"\n<p>La Guardia Civil de Valencia, en el marco de la operaci\u00f3n \u2018Pirorteta&#8217;, ha logrado esclarecer el incendio de Montixelvo concluyendo que se trata de un arco el\u00e9ctrico. \u00a0La investigaci\u00f3n comenz\u00f3 a principios de noviembre al tener la Guardia Civil conocimiento de este incendio a las 14 horas del 2 de noviembre en una jornda donde se registraron rachas de viento del Oeste de 92km\/h, lo que provocaron que el fuego se extendiese r\u00e1pidamente, afectando a una \u00e1rea total de 2.344,46 hect\u00e1reas.<\/p>\n\n\n\n<p>La inspecci\u00f3n ocular por parte de los investigadores ha establecido tanto por vestigios f\u00edsicos, como por declaraciones de testigos, que la causa del incendio fue por una descarga el\u00e9ctrica proveniente de los cables de media tensi\u00f3n pr\u00f3ximos.<br>&nbsp;<br>Los resultados de las inspecciones realizadas durante la investigaci\u00f3n indican que el fuego se origin\u00f3 sobre el punto de inicio, donde los cables del tendido el\u00e9ctrico de media tensi\u00f3n entraron en contacto con el ramaje de los &nbsp;\u00e1rboles.<br>&nbsp;<br>Esta interacci\u00f3n de los cables con las ramas pudo inducir un arco el\u00e9ctrico que, combinado con el tipo de combustible presente ( hojas y peque\u00f1as ramas), provoc\u00f3 una combusti\u00f3n y diversos materiales incandescentes cayeron al suelo.<br>&nbsp;<br>Las diligencias han sido entregadas en la Fiscal\u00eda de Medio Ambiente&nbsp;de&nbsp;Valencia.<\/p>\n","protected":false},"excerpt":{"rendered":"<p>El verdadero origen del incendio de Montichelvo. <\/p>\n","protected":false},"author":1,"featured_media":1887,"comment_status":"open","ping_status":"open","sticky":false,"template":"","format":"standard","meta":{"footnotes":""},"categories":[1,27],"tags":[],"class_list":["post-1886","post","type-post","status-publish","format-standard","has-post-thumbnail","hentry","category-actualidad","category-sociedad"],"_links":{"self":[{"href":"https:\/\/infogandia.es\/index.php\/wp-json\/wp\/v2\/posts\/1886","targetHints":{"allow":["GET"]}}],"collection":[{"href":"https:\/\/infogandia.es\/index.php\/wp-json\/wp\/v2\/posts"}],"about":[{"href":"https:\/\/infogandia.es\/index.php\/wp-json\/wp\/v2\/types\/post"}],"author":[{"embeddable":true,"href":"https:\/\/infogandia.es\/index.php\/wp-json\/wp\/v2\/users\/1"}],"replies":[{"embeddable":true,"href":"https:\/\/infogandia.es\/index.php\/wp-json\/wp\/v2\/comments?post=1886"}],"version-history":[{"count":1,"href":"https:\/\/infogandia.es\/index.php\/wp-json\/wp\/v2\/posts\/1886\/revisions"}],"predecessor-version":[{"id":1888,"href":"https:\/\/infogandia.es\/index.php\/wp-json\/wp\/v2\/posts\/1886\/revisions\/1888"}],"wp:featuredmedia":[{"embeddable":true,"href":"https:\/\/infogandia.es\/index.php\/wp-json\/wp\/v2\/media\/1887"}],"wp:attachment":[{"href":"https:\/\/infogandia.es\/index.php\/wp-json\/wp\/v2\/media?parent=1886"}],"wp:term":[{"taxonomy":"category","embeddable":true,"href":"https:\/\/infogandia.es\/index.php\/wp-json\/wp\/v2\/categories?post=1886"},{"taxonomy":"post_tag","embeddable":true,"href":"https:\/\/infogandia.es\/index.php\/wp-json\/wp\/v2\/tags?post=1886"}],"curies":[{"name":"wp","href":"https:\/\/api.w.org\/{rel}","templated":true}]}}